{"id":15757782,"date":"2016-10-10T11:14:39","date_gmt":"2016-10-10T11:14:39","guid":{"rendered":"https:\/\/www.upo.es\/diario\/?p=15757782"},"modified":"2016-10-13T12:50:14","modified_gmt":"2016-10-13T12:50:14","slug":"la-universidad-pablo-de-olavide-acoge-en-noviembre-el-xv-congreso-nacional-de-educacion-comparada","status":"publish","type":"post","link":"https:\/\/www.upo.es\/diario\/institucional\/2016\/10\/la-universidad-pablo-de-olavide-acoge-en-noviembre-el-xv-congreso-nacional-de-educacion-comparada\/","title":{"rendered":"La Universidad Pablo de Olavide acoge en noviembre el XV Congreso Nacional de Educaci\u00f3n Comparada"},"content":{"rendered":"<figure id=\"attachment_15757783\" aria-describedby=\"caption-attachment-15757783\" style=\"width: 600px\" class=\"wp-caption aligncenter\"><a href=\"https:\/\/www.upo.es\/diario\/wp-content\/uploads\/2016\/10\/presen_congreso_educomparada.jpg\"><img loading=\"lazy\" decoding=\"async\" class=\"size-large wp-image-15757783\" alt=\"En la foto, de izquierda a derecha, Roc\u00edo C\u00e1rdenas Rodr\u00edguez, Macarena Esteban Ib\u00e1\u00f1ez, Teresa Terr\u00f3n Caro, Luis Vicente Amador y el rector de la UPO Vicente Guzm\u00e1n Fluja.\" src=\"https:\/\/www.upo.es\/diario\/wp-content\/uploads\/2016\/10\/presen_congreso_educomparada-600x400.jpg\" width=\"600\" height=\"400\" srcset=\"https:\/\/www.upo.es\/diario\/wp-content\/uploads\/2016\/10\/presen_congreso_educomparada-600x400.jpg 600w, https:\/\/www.upo.es\/diario\/wp-content\/uploads\/2016\/10\/presen_congreso_educomparada-320x213.jpg 320w\" sizes=\"auto, (max-width: 600px) 100vw, 600px\" \/><\/a><figcaption id=\"caption-attachment-15757783\" class=\"wp-caption-text\">En la foto, de izquierda a derecha, Roc\u00edo C\u00e1rdenas Rodr\u00edguez, Macarena Esteban Ib\u00e1\u00f1ez, Teresa Terr\u00f3n Caro, Luis Vicente Amador y el rector de la UPO Vicente Guzm\u00e1n Fluja.<\/figcaption><\/figure>\n<p>La Universidad Pablo de Olavide acoger\u00e1 el 16, 17 y 18 de noviembre el <b>XV Congreso Nacional de Educaci\u00f3n Comparada,<\/b> que se celebra bajo el lema \u201cCiudadan\u00eda Mundial y Educaci\u00f3n para el Desarrollo. Una mirada Internacional\u201d y que est\u00e1 organizado por la <a href=\"http:\/\/www.seec.com.es\/\">Sociedad Espa\u00f1ola de Educaci\u00f3n Comparada<\/a> y por esta universidad.<\/p>\n<p>El rector de la UPO, Vicente Guzm\u00e1n Fluja, ha recibido esta ma\u00f1ana a los profesores del Departamento de Educaci\u00f3n y Psicolog\u00eda Social Teresa Terr\u00f3n Caro, presidenta del congreso; Macarena Esteban Ib\u00e1\u00f1ez, vicepresidenta del encuentro; Luis Vicente Amador y Roc\u00edo C\u00e1rdenas Rodr\u00edguez, quienes han expuesto las l\u00edneas principales de este evento.<\/p>\n<p>El objetivo del congreso es establecer un debate sobre c\u00f3mo pueden cambiar el mundo los ciudadanos activos, los estados eficaces y un sector privado responsable que luchen contra la inequidad, buscando el codesarrollo y la sostenibilidad de un planeta que pertenece a todos. El congreso toma como referencia el concepto de ciudadan\u00eda mundial, que integra la educaci\u00f3n para el desarrollo y los derechos humanos, la educaci\u00f3n ambiental, la educaci\u00f3n para la paz, la multiculturalidad y el g\u00e9nero, pero de forma transversal, ya que es una formaci\u00f3n que contempla la estrecha interrelaci\u00f3n e interdependencia entre todas ellas.<\/p>\n<p>Como explican los organizadores, este espacio de reflexi\u00f3n conjunta \u201ces una oportunidad para replantear ciertos modelos de crecimiento y su impacto sobre las pol\u00edticas de sostenibilidad que pretenden incidir sobre la pobreza, la inmigraci\u00f3n, la cooperaci\u00f3n al desarrollo, el cambio clim\u00e1tico, etc., pol\u00edticas que deber\u00edan articularse a trav\u00e9s de verdaderas instituciones globales y el desarrollo del concepto de ciudadan\u00eda mundial\u201d. As\u00ed, a\u00f1aden, \u201ces un deber nuestro como agentes de transformaci\u00f3n social mantener viva esa utop\u00eda y contribuir a la formaci\u00f3n de profesionales y ciudadanos comprometidos con el desarrollo humano y sostenible, que es lo que pretende actualmente la educaci\u00f3n para el desarrollo bajo el modelo de educaci\u00f3n para la ciudadan\u00eda mundial\u201d.<\/p>\n<p>De esta manera, se dar\u00e1n cita aproximadamente 300 congresistas y se van defender, tanto en la modalidad presencial como online, 253 comunicaciones o p\u00f3sters cuyas autor\u00edas proceden de pa\u00edses muy diversos: Alemania, Argentina, B\u00e9lgica, Brasil, Chile, Colombia, Cuba, Ecuador, Espa\u00f1a, Francia, Italia, M\u00e9xico, Nicaragua, Per\u00fa, Portugal, Uruguay, USA. Entre las personas inscritas, el congreso cuenta con la participaci\u00f3n de 93 instituciones cient\u00edficas, acad\u00e9micas y del tercer sector. Adem\u00e1s de las instituciones que colaboran desde el inicio en la organizaci\u00f3n del mismo.<\/p>\n<p>As\u00ed, el XV Congreso Nacional de Educaci\u00f3n Comparada. \u201cCiudadan\u00eda Mundial y Educaci\u00f3n para el Desarrollo. Una mirada Internacional\u201d, organizado por la Sociedad Espa\u00f1ola de Educaci\u00f3n Comparada (SEEC) y la Universidad Pablo de Olavide, cuenta con la colaboraci\u00f3n de entidades nacionales e internacionales como la Fundaci\u00f3n SM, la Organizaci\u00f3n de Estados Iberoamericanos para la Educaci\u00f3n, la Ciencia y la Cultura, Sociedad Iberoamericana de Estudios Comparados (SibEC), Sociedad Argentina de Estudios Comparados en Educaci\u00f3n, Sociedad Uruguaya de Educaci\u00f3n Comparada e Internacional (SUECI), Secci\u00f3n de Educaci\u00f3n Comparada de la Sociedad Portuguesa de Educaci\u00f3n (SPCE-SEC), Sociedad Mexicana de Educaci\u00f3n Comparada, El Colegio de la Frontera Norte de M\u00e9xico (El Colef), Ayuntamiento de Sevilla, Agencia Andaluza de Cooperaci\u00f3n Internacional para el Desarrollo (AACID). Consejer\u00eda de Igualdad y Pol\u00edticas Sociales. Junta de Andaluc\u00eda, GENDERCIT: Gender and Citizenship (PIRSES \u2013GA-2012-318960) y el Grupo de Investigaci\u00f3n Acci\u00f3n Socioeducativa (GIAS) de la Universidad Pablo de Olavide, entre otros.<\/p>\n<p><b><a href=\"http:\/\/www.upo.es\/ocs\/index.php\/congresoseec2016\/congresoseec2016\/schedConf\/program\">Programa del XV Congreso Nacional de Educaci\u00f3n Comparada<\/a><\/b><\/p>\n","protected":false},"excerpt":{"rendered":"<p>La Universidad Pablo de Olavide acoger\u00e1 el 16, 17 y 18 de noviembre el XV Congreso Nacional de Educaci\u00f3n Comparada, que se celebra bajo el lema \u201cCiudadan\u00eda Mundial y Educaci\u00f3n para el Desarrollo. Una mirada Internacional\u201d y que est\u00e1 organizado por la Sociedad Espa\u00f1ola de Educaci\u00f3n Comparada y por esta universidad. <\/p>\n","protected":false},"author":2,"featured_media":0,"comment_status":"closed","ping_status":"open","sticky":false,"template":"","format":"standard","meta":{"_monsterinsights_skip_tracking":false,"_monsterinsights_sitenote_active":false,"_monsterinsights_sitenote_note":"","_monsterinsights_sitenote_category":0,"footnotes":""},"categories":[6],"tags":[458,3615,465,3614,3616,832],"class_list":["post-15757782","post","type-post","status-publish","format-standard","hentry","category-institucional","tag-ciudadania","tag-ciudadania-mundial","tag-educacion","tag-educacion-comparada","tag-educacion-para-el-desarrollo","tag-sostenibilidad"],"_links":{"self":[{"href":"https:\/\/www.upo.es\/diario\/wp-json\/wp\/v2\/posts\/15757782","targetHints":{"allow":["GET"]}}],"collection":[{"href":"https:\/\/www.upo.es\/diario\/wp-json\/wp\/v2\/posts"}],"about":[{"href":"https:\/\/www.upo.es\/diario\/wp-json\/wp\/v2\/types\/post"}],"author":[{"embeddable":true,"href":"https:\/\/www.upo.es\/diario\/wp-json\/wp\/v2\/users\/2"}],"replies":[{"embeddable":true,"href":"https:\/\/www.upo.es\/diario\/wp-json\/wp\/v2\/comments?post=15757782"}],"version-history":[{"count":5,"href":"https:\/\/www.upo.es\/diario\/wp-json\/wp\/v2\/posts\/15757782\/revisions"}],"predecessor-version":[{"id":15812594,"href":"https:\/\/www.upo.es\/diario\/wp-json\/wp\/v2\/posts\/15757782\/revisions\/15812594"}],"wp:attachment":[{"href":"https:\/\/www.upo.es\/diario\/wp-json\/wp\/v2\/media?parent=15757782"}],"wp:term":[{"taxonomy":"category","embeddable":true,"href":"https:\/\/www.upo.es\/diario\/wp-json\/wp\/v2\/categories?post=15757782"},{"taxonomy":"post_tag","embeddable":true,"href":"https:\/\/www.upo.es\/diario\/wp-json\/wp\/v2\/tags?post=15757782"}],"curies":[{"name":"wp","href":"https:\/\/api.w.org\/{rel}","templated":true}]}}