{"id":15776304,"date":"2016-10-11T12:20:38","date_gmt":"2016-10-11T12:20:38","guid":{"rendered":"https:\/\/www.upo.es\/diario\/?p=15776304"},"modified":"2016-10-11T12:20:38","modified_gmt":"2016-10-11T12:20:38","slug":"visita-a-la-upo-de-antiguos-alumnos-de-la-promocion-de-1969-de-la-universidad-laboral-de-sevilla","status":"publish","type":"post","link":"https:\/\/www.upo.es\/diario\/institucional\/2016\/10\/visita-a-la-upo-de-antiguos-alumnos-de-la-promocion-de-1969-de-la-universidad-laboral-de-sevilla\/","title":{"rendered":"Visita a la UPO de antiguos alumnos de la promoci\u00f3n de 1969 de la Universidad Laboral de Sevilla"},"content":{"rendered":"<figure id=\"attachment_15776305\" aria-describedby=\"caption-attachment-15776305\" style=\"width: 600px\" class=\"wp-caption aligncenter\"><a href=\"https:\/\/www.upo.es\/diario\/wp-content\/uploads\/2016\/10\/visitaunivlaboral.jpg\"><img loading=\"lazy\" decoding=\"async\" class=\"size-large wp-image-15776305\" alt=\"Visita de los antiguos alumnos de la Universidad Laboral de Sevilla, junto con la vicerrectora de Relaciones Institucionales y Comunicaci\u00f3n, Pilar Rodr\u00edguez, y el ayudante de servicio, Luis Bobadilla.\" src=\"https:\/\/www.upo.es\/diario\/wp-content\/uploads\/2016\/10\/visitaunivlaboral-600x450.jpg\" width=\"600\" height=\"450\" srcset=\"https:\/\/www.upo.es\/diario\/wp-content\/uploads\/2016\/10\/visitaunivlaboral-600x450.jpg 600w, https:\/\/www.upo.es\/diario\/wp-content\/uploads\/2016\/10\/visitaunivlaboral-320x240.jpg 320w, https:\/\/www.upo.es\/diario\/wp-content\/uploads\/2016\/10\/visitaunivlaboral.jpg 1600w\" sizes=\"auto, (max-width: 600px) 100vw, 600px\" \/><\/a><figcaption id=\"caption-attachment-15776305\" class=\"wp-caption-text\">Visita de los antiguos alumnos de la Universidad Laboral de Sevilla, junto con la vicerrectora de Relaciones Institucionales y Comunicaci\u00f3n, Pilar Rodr\u00edguez, y el ayudante de servicio, Luis Bobadilla.<\/figcaption><\/figure>\n<p style=\"text-align: justify;\">La vicerrectora de Relaciones Institucionales y Comunicaci\u00f3n de la Universidad Pablo de Olavide, Pilar Rodr\u00edguez Reina, recibi\u00f3 el pasado s\u00e1bado, 8 de octubre, a un grupo de antiguos alumnos de la promoci\u00f3n de 1969 de la Universidad Laboral de Sevilla, que visitaron las instalaciones de la Universidad Pablo de Olavide, de Sevilla a lo largo de la ma\u00f1ana.<\/p>\n<p style=\"text-align: justify;\">Tras la bienvenida, los antiguos alumnos de la Universidad Laboral realizaron un recorrido por el campus de la Universidad Pablo de Olavide, acompa\u00f1ados por la vicerrectora de Relaciones Institucionales y Comunicaci\u00f3n junto al ayudante de servicio de la UPO, Luis Bobadilla. Este grupo formado por catorce antiguos alumnos realizaron una visita por el campus universitario, biblioteca, aulas inform\u00e1ticas, instalaciones deportivas y algunos de los edificios que constituyeron el internado donde residieron y estudiaron. Los integrantes del grupo comprobaron de primera mano c\u00f3mo ha cambiado el campus desde entonces.<\/p>\n","protected":false},"excerpt":{"rendered":"<p>La vicerrectora de Relaciones Institucionales y Comunicaci\u00f3n de la Universidad Pablo de Olavide, Pilar Rodr\u00edguez Reina, recibi\u00f3 el pasado s\u00e1bado, 8 de octubre, a un grupo de antiguos alumnos de la promoci\u00f3n de 1969 de la Universidad Laboral de Sevilla, que visitaron las instalaciones de la Universidad Pablo de Olavide, de Sevilla a lo largo de la ma\u00f1ana.<\/p>\n","protected":false},"author":4,"featured_media":0,"comment_status":"closed","ping_status":"open","sticky":false,"template":"","format":"standard","meta":{"_monsterinsights_skip_tracking":false,"_monsterinsights_sitenote_active":false,"_monsterinsights_sitenote_note":"","_monsterinsights_sitenote_category":0,"footnotes":""},"categories":[6],"tags":[153,1261,297],"class_list":["post-15776304","post","type-post","status-publish","format-standard","hentry","category-institucional","tag-alumni","tag-universidad-laboral","tag-visita"],"_links":{"self":[{"href":"https:\/\/www.upo.es\/diario\/wp-json\/wp\/v2\/posts\/15776304","targetHints":{"allow":["GET"]}}],"collection":[{"href":"https:\/\/www.upo.es\/diario\/wp-json\/wp\/v2\/posts"}],"about":[{"href":"https:\/\/www.upo.es\/diario\/wp-json\/wp\/v2\/types\/post"}],"author":[{"embeddable":true,"href":"https:\/\/www.upo.es\/diario\/wp-json\/wp\/v2\/users\/4"}],"replies":[{"embeddable":true,"href":"https:\/\/www.upo.es\/diario\/wp-json\/wp\/v2\/comments?post=15776304"}],"version-history":[{"count":1,"href":"https:\/\/www.upo.es\/diario\/wp-json\/wp\/v2\/posts\/15776304\/revisions"}],"predecessor-version":[{"id":15776306,"href":"https:\/\/www.upo.es\/diario\/wp-json\/wp\/v2\/posts\/15776304\/revisions\/15776306"}],"wp:attachment":[{"href":"https:\/\/www.upo.es\/diario\/wp-json\/wp\/v2\/media?parent=15776304"}],"wp:term":[{"taxonomy":"category","embeddable":true,"href":"https:\/\/www.upo.es\/diario\/wp-json\/wp\/v2\/categories?post=15776304"},{"taxonomy":"post_tag","embeddable":true,"href":"https:\/\/www.upo.es\/diario\/wp-json\/wp\/v2\/tags?post=15776304"}],"curies":[{"name":"wp","href":"https:\/\/api.w.org\/{rel}","templated":true}]}}