{"id":15811846,"date":"2016-10-13T11:56:43","date_gmt":"2016-10-13T11:56:43","guid":{"rendered":"https:\/\/www.upo.es\/diario\/?p=15811846"},"modified":"2016-10-14T14:48:49","modified_gmt":"2016-10-14T14:48:49","slug":"presentacion-del-libro-centroamerica-patrimonio-vivo-editado-por-fernando-quiles-y-karina-mejia","status":"publish","type":"post","link":"https:\/\/www.upo.es\/diario\/libros\/2016\/10\/presentacion-del-libro-centroamerica-patrimonio-vivo-editado-por-fernando-quiles-y-karina-mejia\/","title":{"rendered":"Presentaci\u00f3n del libro \u00abCentroam\u00e9rica, patrimonio vivo\u00bb editado por Fernando Quiles y Karina Mej\u00eda"},"content":{"rendered":"<figure id=\"attachment_15811847\" aria-describedby=\"caption-attachment-15811847\" style=\"width: 600px\" class=\"wp-caption aligncenter\"><a href=\"https:\/\/www.upo.es\/diario\/wp-content\/uploads\/2016\/10\/Libro-Centroam\u00e9rica_Patrimonio-Vivo.jpg\"><img loading=\"lazy\" decoding=\"async\" class=\"size-large wp-image-15811847\" alt=\"En la imagen,  de izquierda a derecha, Fernando Quiles,  Francisco Javier Escalera, y Gundel Tamez Grenda.\" src=\"https:\/\/www.upo.es\/diario\/wp-content\/uploads\/2016\/10\/Libro-Centroam\u00e9rica_Patrimonio-Vivo-600x337.jpg\" width=\"600\" height=\"337\" srcset=\"https:\/\/www.upo.es\/diario\/wp-content\/uploads\/2016\/10\/Libro-Centroam\u00e9rica_Patrimonio-Vivo-600x337.jpg 600w, https:\/\/www.upo.es\/diario\/wp-content\/uploads\/2016\/10\/Libro-Centroam\u00e9rica_Patrimonio-Vivo-320x180.jpg 320w\" sizes=\"auto, (max-width: 600px) 100vw, 600px\" \/><\/a><figcaption id=\"caption-attachment-15811847\" class=\"wp-caption-text\">De izquierda a derecha, Fernando Quiles, Francisco Javier Escalera, y Gundel Tamez Grenda.<\/figcaption><\/figure>\n<p style=\"text-align: justify;\" align=\"center\">La Universidad Pablo de Olavide ha acogido hoy jueves la presentaci\u00f3n del libro <a href=\"http:\/\/media.wix.com\/ugd\/638953_12f8678f10c34791880c641491fac957.pdf\">\u201cCentroam\u00e9rica, patrimonio vivo\u201d<\/a>, una publicaci\u00f3n digital editada por el profesor de Historia del Arte de la UPO Fernando Quiles y por la arquitecta hondure\u00f1a Karina Mej\u00eda.<\/p>\n<p>El libro re\u00fane un conjunto de estudios realizados sobre los siete pa\u00edses centroamericanos que atesoran en su conjunto unos bienes art\u00edsticos y culturales de incalculable valor. Como explica Fernando Quiles, \u201cdesde la arqueolog\u00eda en la ciudad vieja de Panam\u00e1 hasta la arquitectura vern\u00e1cula en Belice. En el camino el libro pasa por Costa Rica, para conocer una experiencia de aprendizaje inclusivo, para invidentes. Luego Nicaragua, donde se da a conocer la fiesta de santo Domingo de Guzm\u00e1n en Managua como conexi\u00f3n del patrimonio inmaterial con el \u00e1mbito urbano, al tiempo que logramos saber del Instituto Nicarag\u00fcense de Cinematograf\u00eda, en tiempos del sandinismo. Seguimos por Honduras donde hemos tenido noticia del rol de la Universidad Nacional Aut\u00f3noma (UNAH) en la formaci\u00f3n de la astronom\u00eda cultural y asimismo hemos constatado los avances en la definici\u00f3n del perfil del gestor cultural. Una introducci\u00f3n a la lengua n\u00e1huat-pipil y una llamada de atenci\u00f3n sobre la invisibilidad de los ind\u00edgenas salvadore\u00f1os son la aportaci\u00f3n de los colegas de este pa\u00eds. Concluimos con Guatemala, donde es tanto lo que se puede mostrar que se nos achica en exceso el espacio\u201d.<\/p>\n<p>As\u00ed, la obra ha contado con las aportaciones de numerosos investigadores, como Mart\u00edn M. Checa-Artasu, (Departamento de Sociolog\u00eda Universidad Aut\u00f3noma Metropolitana, Unidad Iztapalapa, Belice), Luisa Mar\u00eda Vel\u00e1squez (Universidad de San Carlos de Guatemala), Bel\u00e9n Amador Rodr\u00edguez (Pontificia Universidad Cat\u00f3lica del Ecuador, sede Ibarra), Mirta Linero Baroni y Clemente Mar\u00edn Valdez (Patronato Panam\u00e1 Viejo), Raquel Barrantes Obando (Universidad de Costa Rica), Cristina Margarita Argueta Canizales (Arquitecta, Universidad Nacional Aut\u00f3noma de Honduras), Rafael Lara-Mart\u00ednez (New Mexico Tech) Tatiana de la Ossa Osegueda (Directora de teatro y gestora cultural, Costa Rica \/ El Salvador), Mariella Hern\u00e1ndez Moncada (Antrop\u00f3loga, consultora en proyectos sociales y culturales, El Salvador), Carmen Yadira Cruz Rivas (Subdirectora de Cultura, Universidad Nacional Aut\u00f3noma de Honduras), Johann Melchor Toledo (Universidad del Istmo, Guatemala), Gundel Tamez Grenda (Facultad de Arquitectura, UNI, Nicaragua).<\/p>\n<p>El libro ha sido presentado por Fernando Quiles, la arquitecta Gundel Tamez Grenda, y por Francisco Javier Escalera, director del CEI CamBio, quienes han hablado tambi\u00e9n sobre el <a href=\"http:\/\/www.aguaculturayterritorio.org\/\">\u201cI Congreso Internacional sobre Patrimonio Cultural y Natural. Agua, cultura y territorio\u201d<\/a> que se celebrar\u00e1 en Costa Rica del 14 al 18 de noviembre y que ha sido declarado de inter\u00e9s p\u00fablico y nacional por el presidente de este pa\u00eds.<\/p>\n<p>Este congreso, organizado por la Universidad Pablo de Olavide, el Campus de Excelencia Internacional de Medio Ambiente, Biodiversidad y Cambio Global (<a href=\"http:\/\/www.upo.es\/ceicambio\/?lang=es\">CEI CamBio<\/a>), la Red de Patrimonio Cultural de los Pa\u00edses Centroamericanos y la <a href=\"http:\/\/www.una.ac.cr\/\">Universidad Nacional de Costa Rica<\/a>, tiene como objetivo promover el intercambio de conocimientos, saberes y experiencias relacionadas con el agua y su manifestaci\u00f3n a trav\u00e9s de la cultura y el territorio.<\/p>\n","protected":false},"excerpt":{"rendered":"<p>La Universidad Pablo de Olavide ha acogido la presentaci\u00f3n del libro \u201cCentroam\u00e9rica, patrimonio vivo\u201d, una publicaci\u00f3n digital editada por el profesor de Historia del Arte Fernando Quiles y por la arquitecta hondure\u00f1a Karina Mej\u00eda. El libro re\u00fane  estudios realizados sobre los siete pa\u00edses centroamericanos que atesoran en su conjunto unos bienes art\u00edsticos y culturales de incalculable valor.<\/p>\n","protected":false},"author":2,"featured_media":0,"comment_status":"closed","ping_status":"open","sticky":false,"template":"","format":"standard","meta":{"_monsterinsights_skip_tracking":false,"_monsterinsights_sitenote_active":false,"_monsterinsights_sitenote_note":"","_monsterinsights_sitenote_category":0,"footnotes":""},"categories":[77],"tags":[2338,354,259,333,129],"class_list":["post-15811846","post","type-post","status-publish","format-standard","hentry","category-libros","tag-centroamerica","tag-congreso","tag-area-de-historia-del-arte","tag-libro","tag-patrimonio"],"_links":{"self":[{"href":"https:\/\/www.upo.es\/diario\/wp-json\/wp\/v2\/posts\/15811846","targetHints":{"allow":["GET"]}}],"collection":[{"href":"https:\/\/www.upo.es\/diario\/wp-json\/wp\/v2\/posts"}],"about":[{"href":"https:\/\/www.upo.es\/diario\/wp-json\/wp\/v2\/types\/post"}],"author":[{"embeddable":true,"href":"https:\/\/www.upo.es\/diario\/wp-json\/wp\/v2\/users\/2"}],"replies":[{"embeddable":true,"href":"https:\/\/www.upo.es\/diario\/wp-json\/wp\/v2\/comments?post=15811846"}],"version-history":[{"count":7,"href":"https:\/\/www.upo.es\/diario\/wp-json\/wp\/v2\/posts\/15811846\/revisions"}],"predecessor-version":[{"id":15831902,"href":"https:\/\/www.upo.es\/diario\/wp-json\/wp\/v2\/posts\/15811846\/revisions\/15831902"}],"wp:attachment":[{"href":"https:\/\/www.upo.es\/diario\/wp-json\/wp\/v2\/media?parent=15811846"}],"wp:term":[{"taxonomy":"category","embeddable":true,"href":"https:\/\/www.upo.es\/diario\/wp-json\/wp\/v2\/categories?post=15811846"},{"taxonomy":"post_tag","embeddable":true,"href":"https:\/\/www.upo.es\/diario\/wp-json\/wp\/v2\/tags?post=15811846"}],"curies":[{"name":"wp","href":"https:\/\/api.w.org\/{rel}","templated":true}]}}