{"id":15829671,"date":"2016-10-14T23:47:54","date_gmt":"2016-10-14T23:47:54","guid":{"rendered":"https:\/\/www.upo.es\/diario\/?p=15829671"},"modified":"2016-10-18T07:02:25","modified_gmt":"2016-10-18T07:02:25","slug":"abierto-el-plazo-para-solicitar-las-parcelas-disponible-de-los-huertos-ecologicos-y-sociales-de-la-upo","status":"publish","type":"post","link":"https:\/\/www.upo.es\/diario\/institucional\/2016\/10\/abierto-el-plazo-para-solicitar-las-parcelas-disponible-de-los-huertos-ecologicos-y-sociales-de-la-upo\/","title":{"rendered":"Abierto el plazo para solicitar las parcelas disponibles de los huertos ecol\u00f3gicos y sociales de la UPO"},"content":{"rendered":"<figure id=\"attachment_15829672\" aria-describedby=\"caption-attachment-15829672\" style=\"width: 600px\" class=\"wp-caption aligncenter\"><a href=\"https:\/\/www.upo.es\/diario\/wp-content\/uploads\/2016\/10\/huertos.jpg\"><img loading=\"lazy\" decoding=\"async\" class=\"size-large wp-image-15829672\" alt=\"Los huertos de la Universidad Pablo de Olavide ocupan un terreno junto al edificio Celestino Mutis de 2.000 metros cuadrados.\" src=\"https:\/\/www.upo.es\/diario\/wp-content\/uploads\/2016\/10\/huertos-600x399.jpg\" width=\"600\" height=\"399\" srcset=\"https:\/\/www.upo.es\/diario\/wp-content\/uploads\/2016\/10\/huertos-600x399.jpg 600w, https:\/\/www.upo.es\/diario\/wp-content\/uploads\/2016\/10\/huertos-320x213.jpg 320w\" sizes=\"auto, (max-width: 600px) 100vw, 600px\" \/><\/a><figcaption id=\"caption-attachment-15829672\" class=\"wp-caption-text\">Los huertos de la Universidad Pablo de Olavide ocupan un terreno junto al edificio Celestino Mutis de 2.000 metros cuadrados.<\/figcaption><\/figure>\n<p>La UniversidadPablo de Olavide ha abierto el plazo para solicitar las 6 parcelas disponibles de las 55 que forman parte de los <b>huertos ecol\u00f3gicos y sociales<\/b> de su campus, un proyecto que comenz\u00f3 a gestarse en el a\u00f1o 2012 y que desde el a\u00f1o 2013 funciona a pleno rendimiento.<\/p>\n<p>Los interesados deben formar un grupo de un m\u00ednimo de 4 personas, todos ellos miembros de la comunidad universitaria de la UPO, y escribir un correo electr\u00f3nico solicitando la parcela a la direcci\u00f3n <a href=\"mailto:huertosupo@upo.es\">huertosupo@upo.es<\/a>. Si alg\u00fan interesado no tiene grupo puede formarlo con otras personas que est\u00e9n en lista de espera y no tengan grupo o bien sumarse a alguna parcela que est\u00e9 interesada en ampliar su grupo.<\/p>\n<figure id=\"attachment_15829673\" aria-describedby=\"caption-attachment-15829673\" style=\"width: 320px\" class=\"wp-caption alignright\"><a href=\"https:\/\/www.upo.es\/diario\/wp-content\/uploads\/2016\/10\/huertos1.jpg\"><img loading=\"lazy\" decoding=\"async\" class=\"size-medium wp-image-15829673\" alt=\"Estudiantes, profesorado y personal de administraci\u00f3n y servicios gestionan los huertos urbanos de la Olavide.\" src=\"https:\/\/www.upo.es\/diario\/wp-content\/uploads\/2016\/10\/huertos1-320x213.jpg\" width=\"320\" height=\"213\" srcset=\"https:\/\/www.upo.es\/diario\/wp-content\/uploads\/2016\/10\/huertos1-320x213.jpg 320w, https:\/\/www.upo.es\/diario\/wp-content\/uploads\/2016\/10\/huertos1-600x400.jpg 600w\" sizes=\"auto, (max-width: 320px) 100vw, 320px\" \/><\/a><figcaption id=\"caption-attachment-15829673\" class=\"wp-caption-text\">Estudiantes, profesorado y personal de administraci\u00f3n y servicios gestionan los huertos urbanos de la Olavide.<\/figcaption><\/figure>\n<p>Los huertos de la Universidad Pablo de Olavide ocupan un terreno junto al edificio Celestino Mutis de 2.000 metros cuadrados, divididos en 55 parcelas de 25 o 50 metros cuadrados cada una. Hoy en d\u00eda es un proyecto consolidado en el que participan estudiantes, personal de administraci\u00f3n y servicios y profesorado, quienes disfrutan de los beneficios sociales, culturales, econ\u00f3micos, educativos y medio ambientales que generan este tipo de instalaciones, caracter\u00edsticas que \u00a0lo convierten en una actividad muy demandada e id\u00f3nea para todos los p\u00fablicos.<\/p>\n<p>Adem\u00e1s, en el a\u00f1o 2015, <a href=\"http:\/\/www.upo.es\/ceicambio\/\">CEI CamBio<\/a>, en colaboraci\u00f3n con la\u00a0<a href=\"http:\/\/huertodelacora.es.tl\/\">Asociaci\u00f3n Ecocultural \u201cHuerto de la Cora<\/a>\u201d (Ja\u00e9n) y la Asociaci\u00f3n Vecinal \u201cFuente de la Reja\u201d de Pegalajar (Ja\u00e9n), pusieron en marcha el\u00a0<strong>\u00c1rea de Recursos Agroecol\u00f3gicos de origen Americano \u201cCelestino Mutis\u201d<\/strong>, una superficie de 2.500 metros cuadrados ubicada junto a los huertos de la UPO que se ha convertido en un espacio de investigaci\u00f3n, conservaci\u00f3n y difusi\u00f3n de especies de alto valor etnobot\u00e1nico as\u00ed como un escenario dedicado a la formaci\u00f3n agroecol\u00f3gica.<\/p>\n<p>Tanto este espacio como el huerto refuerzan el car\u00e1cter y la dimensi\u00f3n ecol\u00f3gica del campus de la Universidad Pablo de Olavide. Ambos espacios se nutren mutuamente y forman parte de un proyecto global, donde se desarrollan de manera conjunta actividades abiertas tanto a la comunidad universitaria como a la no universitaria, que van desde una pr\u00e1ctica agr\u00edcola concreta, una actividad formativa ambiental o una puesta en valor de alg\u00fan elemento del patrimonio biocultural tanto en la UPO como en los lugares de trabajo e investigaci\u00f3n de la Asociaci\u00f3n Ecocultural \u201cHuerto de la Cora\u201d y de la Asociaci\u00f3n Vecinal \u201cFuente de la Reja\u201d.<\/p>\n","protected":false},"excerpt":{"rendered":"<p>La Universidad Pablo de Olavide ha abierto el plazo para solicitar las 6 parcelas disponibles de las 55 que forman parte de los huertos ecol\u00f3gicos y sociales de su campus, un proyecto que comenz\u00f3 a gestarse en el a\u00f1o 2012 y que desde el a\u00f1o 2013 funciona a pleno rendimiento. Los interesados deben formar un grupo de un m\u00ednimo de 4 personas, todos ellos miembros de la comunidad universitaria de la UPO.<\/p>\n","protected":false},"author":2,"featured_media":0,"comment_status":"closed","ping_status":"open","sticky":false,"template":"","format":"standard","meta":{"_monsterinsights_skip_tracking":false,"_monsterinsights_sitenote_active":false,"_monsterinsights_sitenote_note":"","_monsterinsights_sitenote_category":0,"footnotes":""},"categories":[6],"tags":[107,194,21,681,429,682,199,491,442],"class_list":["post-15829671","post","type-post","status-publish","format-standard","hentry","category-institucional","tag-campus","tag-ecologia","tag-estudiantes","tag-huertos","tag-medio-ambiente","tag-pas","tag-profesorado","tag-upo","tag-vicerrectorado"],"_links":{"self":[{"href":"https:\/\/www.upo.es\/diario\/wp-json\/wp\/v2\/posts\/15829671","targetHints":{"allow":["GET"]}}],"collection":[{"href":"https:\/\/www.upo.es\/diario\/wp-json\/wp\/v2\/posts"}],"about":[{"href":"https:\/\/www.upo.es\/diario\/wp-json\/wp\/v2\/types\/post"}],"author":[{"embeddable":true,"href":"https:\/\/www.upo.es\/diario\/wp-json\/wp\/v2\/users\/2"}],"replies":[{"embeddable":true,"href":"https:\/\/www.upo.es\/diario\/wp-json\/wp\/v2\/comments?post=15829671"}],"version-history":[{"count":6,"href":"https:\/\/www.upo.es\/diario\/wp-json\/wp\/v2\/posts\/15829671\/revisions"}],"predecessor-version":[{"id":15898102,"href":"https:\/\/www.upo.es\/diario\/wp-json\/wp\/v2\/posts\/15829671\/revisions\/15898102"}],"wp:attachment":[{"href":"https:\/\/www.upo.es\/diario\/wp-json\/wp\/v2\/media?parent=15829671"}],"wp:term":[{"taxonomy":"category","embeddable":true,"href":"https:\/\/www.upo.es\/diario\/wp-json\/wp\/v2\/categories?post=15829671"},{"taxonomy":"post_tag","embeddable":true,"href":"https:\/\/www.upo.es\/diario\/wp-json\/wp\/v2\/tags?post=15829671"}],"curies":[{"name":"wp","href":"https:\/\/api.w.org\/{rel}","templated":true}]}}