{"id":159094,"date":"2013-01-02T09:35:08","date_gmt":"2013-01-02T09:35:08","guid":{"rendered":"https:\/\/www.upo.es\/diario\/?p=159094"},"modified":"2013-01-04T11:50:29","modified_gmt":"2013-01-04T11:50:29","slug":"fallece-carmen-calleja-de-pablo-presidenta-del-consejo-social-de-la-universidad-pablo-de-olavide","status":"publish","type":"post","link":"https:\/\/www.upo.es\/diario\/institucional\/2013\/01\/fallece-carmen-calleja-de-pablo-presidenta-del-consejo-social-de-la-universidad-pablo-de-olavide\/","title":{"rendered":"Fallece Carmen Calleja de Pablo, presidenta del Consejo Social de la Universidad Pablo de Olavide"},"content":{"rendered":"<p><a href=\"https:\/\/www.upo.es\/diario\/wp-content\/uploads\/2013\/01\/ccalleja2.jpg\"><img loading=\"lazy\" decoding=\"async\" class=\"alignright size-medium wp-image-159104\" alt=\"OLYMPUS DIGITAL CAMERA\" src=\"https:\/\/www.upo.es\/diario\/wp-content\/uploads\/2013\/01\/ccalleja2-300x227.jpg\" width=\"300\" height=\"227\" srcset=\"https:\/\/www.upo.es\/diario\/wp-content\/uploads\/2013\/01\/ccalleja2-300x227.jpg 300w, https:\/\/www.upo.es\/diario\/wp-content\/uploads\/2013\/01\/ccalleja2.jpg 552w\" sizes=\"auto, (max-width: 300px) 100vw, 300px\" \/><\/a>Carmen Calleja de Pablo, presidenta del Consejo Social de la Universidad Pablo de Olavide, falleci\u00f3 el pasado d\u00eda 31 de diciembre en Sevilla debido a una larga enfermedad.<\/p>\n<p>El rector, Vicente Guzm\u00e1n, en nombre de la UPO, ha lamentado profundamente la muerte de Carmen Calleja. Para Guzm\u00e1n, la presidenta del Consejo Social contribuy\u00f3 desde este \u00f3rgano de gobierno de forma decisiva a la consolidaci\u00f3n de la Olavide en el seno de las universidades p\u00fablicas.<\/p>\n<p>Licenciada en Derecho por la Universidad de Sevilla, Carmen Calleja fue miembro\u00a0la Fundaci\u00f3n Conocimiento y Cultura de la UPO. Asimismo perteneci\u00f3 a diversos consejos de administraci\u00f3n y a la junta directiva de las asociaciones Clara Campoamor y\u00a0 de Ex Diputados y Ex Senadores. T\u00e9cnico urbanista por el Instituto Nacional de Administraci\u00f3n P\u00fablica, diplomada en Alta Direcci\u00f3n por el Instituto Internacional San Telmo \u00a0y diplomada en Altos Estudios de la Defensa, perteneci\u00f3 a la Comisi\u00f3n de Cultura de la Confederaci\u00f3n Andaluza de Empresa.<\/p>\n<p>Entre los puestos de responsabilidad que ha ejercido, ha sido gerente de la Empresa Municipal de Transportes Urbanos de Sevilla, viceconsejera de Gobernaci\u00f3n de la Junta de Andaluc\u00eda, viceconsejera de Presidencia de la Junta de Andaluc\u00eda, jefe de Gabinete del Presidente de la Junta de Andaluc\u00eda y directora general del Instituto Andaluz de la Funci\u00f3n P\u00fablica. Adem\u00e1s, Carmen Calleja ha sido presidenta de la Cruz Roja de Sevilla, gobernadora civil de Ja\u00e9n, diputada en el Congreso y presidenta de la Secci\u00f3n de Asuntos Pol\u00edticos del Ateneo de Sevilla. En junio del a\u00f1o 2009 fue nombrada por el Consejo de Gobierno de la Junta de Andaluc\u00eda presidenta del Consejo Social de la Universidad Pablo de Olavide.<\/p>\n","protected":false},"excerpt":{"rendered":"<p>Carmen Calleja de Pablo, presidenta del Consejo Social de la Universidad Pablo de Olavide, falleci\u00f3 el pasado d\u00eda 31 de diciembre en Sevilla debido a una larga enfermedad.<\/p>\n<p>El rector, Vicente Guzm\u00e1n, en nombre de la UPO, ha lamentado profundamente la muerte de Carmen Calleja. <\/p>\n","protected":false},"author":2,"featured_media":0,"comment_status":"closed","ping_status":"open","sticky":false,"template":"","format":"standard","meta":{"_monsterinsights_skip_tracking":false,"_monsterinsights_sitenote_active":false,"_monsterinsights_sitenote_note":"","_monsterinsights_sitenote_category":0,"footnotes":""},"categories":[6],"tags":[112],"class_list":["post-159094","post","type-post","status-publish","format-standard","hentry","category-institucional","tag-consejo-social"],"_links":{"self":[{"href":"https:\/\/www.upo.es\/diario\/wp-json\/wp\/v2\/posts\/159094","targetHints":{"allow":["GET"]}}],"collection":[{"href":"https:\/\/www.upo.es\/diario\/wp-json\/wp\/v2\/posts"}],"about":[{"href":"https:\/\/www.upo.es\/diario\/wp-json\/wp\/v2\/types\/post"}],"author":[{"embeddable":true,"href":"https:\/\/www.upo.es\/diario\/wp-json\/wp\/v2\/users\/2"}],"replies":[{"embeddable":true,"href":"https:\/\/www.upo.es\/diario\/wp-json\/wp\/v2\/comments?post=159094"}],"version-history":[{"count":11,"href":"https:\/\/www.upo.es\/diario\/wp-json\/wp\/v2\/posts\/159094\/revisions"}],"predecessor-version":[{"id":159098,"href":"https:\/\/www.upo.es\/diario\/wp-json\/wp\/v2\/posts\/159094\/revisions\/159098"}],"wp:attachment":[{"href":"https:\/\/www.upo.es\/diario\/wp-json\/wp\/v2\/media?parent=159094"}],"wp:term":[{"taxonomy":"category","embeddable":true,"href":"https:\/\/www.upo.es\/diario\/wp-json\/wp\/v2\/categories?post=159094"},{"taxonomy":"post_tag","embeddable":true,"href":"https:\/\/www.upo.es\/diario\/wp-json\/wp\/v2\/tags?post=159094"}],"curies":[{"name":"wp","href":"https:\/\/api.w.org\/{rel}","templated":true}]}}