{"id":15918438,"date":"2016-10-19T07:25:56","date_gmt":"2016-10-19T07:25:56","guid":{"rendered":"https:\/\/www.upo.es\/diario\/?p=15918438"},"modified":"2016-10-21T07:12:53","modified_gmt":"2016-10-21T07:12:53","slug":"la-upo-participa-en-las-jornadas-universitarias-hombres-y-violencias-machistas","status":"publish","type":"post","link":"https:\/\/www.upo.es\/diario\/institucional\/2016\/10\/la-upo-participa-en-las-jornadas-universitarias-hombres-y-violencias-machistas\/","title":{"rendered":"La UPO participa en las Jornadas Universitarias \u201cHombres y Violencias Machistas\u201d"},"content":{"rendered":"<p><a href=\"https:\/\/www.upo.es\/diario\/wp-content\/uploads\/2016\/10\/hombres-violencia-machista.png\"><img loading=\"lazy\" decoding=\"async\" class=\"alignright size-medium wp-image-15918439\" alt=\"Cartel: Manifestaci\u00f3n \u201cEl machismo es violencia. Hombres contra las violencias machistas\u201d, el viernes a las 19 horas en la Puerta de Jerez\" src=\"https:\/\/www.upo.es\/diario\/wp-content\/uploads\/2016\/10\/hombres-violencia-machista-223x320.png\" width=\"223\" height=\"320\" srcset=\"https:\/\/www.upo.es\/diario\/wp-content\/uploads\/2016\/10\/hombres-violencia-machista-223x320.png 223w, https:\/\/www.upo.es\/diario\/wp-content\/uploads\/2016\/10\/hombres-violencia-machista-419x600.png 419w, https:\/\/www.upo.es\/diario\/wp-content\/uploads\/2016\/10\/hombres-violencia-machista.png 554w\" sizes=\"auto, (max-width: 223px) 100vw, 223px\" \/><\/a><\/p>\n<p>El pr\u00f3ximo viernes 21 de octubre se cumple el <b>d\u00e9cimo aniversario de la primera manifestaci\u00f3n de hombres contra la violencia machista<\/b>, promovida por el Foro de Hombres por la Igualdad siguiendo el <a href=\"https:\/\/www.youtube.com\/watch?v=eP09wqM5fcI&amp;sns=tw\">llamamiento del Premio Nobel Jos\u00e9 Saramago<\/a>. En este marco han sido organizadas, por este Foro y la Fundaci\u00f3n Iniciativa Social, las <b>Jornadas Universitarias \u201cHombres y violencias machistas\u201d<\/b>, con la colaboraci\u00f3n de la Universidad Pablo de Olavide y la Universidad de Sevilla, que comienzan ma\u00f1ana jueves 20 de octubre, a las 10 horas en el sal\u00f3n de actos de la Facultad de Psicolog\u00eda de la US.<\/p>\n<p>Diez a\u00f1os despu\u00e9s de esta convocatoria, que sirvi\u00f3 de precedente para una serie de movilizaciones de hombres contra las violencias machistas, la participaci\u00f3n de hombres en espacios feministas est\u00e1 cada vez m\u00e1s normalizada y el discurso de hombres por la igualdad ha calado en el movimiento feminista y es cada vez m\u00e1s reconocido por su contribuci\u00f3n a la lucha contra la violencia de g\u00e9nero en la sociedad.<\/p>\n<p>Estas jornadas tienen como fin principal conocer, reflexionar y evaluar los programas e intervenciones espec\u00edficos con hombres para erradicar las violencias machistas. En la sesi\u00f3n de apertura participar\u00e1n Jes\u00fas Casado, del Foro de Hombres por la Igualdad; Roc\u00edo C\u00e1rdenas, de la Oficina para la Igualdad de la UPO y Rosa Casado, de la Unidad de Igualdad de la US. A continuaci\u00f3n, la sesi\u00f3n inaugural estar\u00e1 a cargo de Miguel Lorente, director de la Unidad de Igualdad de la Universidad de Granada. Las jornadas\u00a0 contin\u00faan con dos sesiones sobre los programas\u00a0 de prevenci\u00f3n general de las violencias machistas y de reeducaci\u00f3n para hombres que han ejercido la violencia de g\u00e9nero, para finalizar con un debate abierto.<\/p>\n<p>El viernes 21 de octubre tendr\u00e1 lugar un encuentro en el que participar\u00e1n representantes de iniciativas que en Espa\u00f1a promueven el movimiento de hombres por la igualdad y la lucha contra las violencias machistas. Las jornadas finalizar\u00e1n con una sesi\u00f3n en la que intervendr\u00e1n responsables de las pol\u00edticas de igualdad de varias universidades. La asistencia es libre hasta completar aforo aunque se requiere inscripci\u00f3n previa para obtener certificado de asistencia.<\/p>\n<p>Para terminar la jornada, y con motivo del d\u00e9cimo aniversario, el Foro Hombres por la Igualdad convoca la <b>manifestaci\u00f3n \u201cEl machismo es violencia. Hombres contra las violencias machistas\u201d<\/b>, el viernes a las 19 horas en la Puerta de Jerez.<\/p>\n<ul>\n<li><a href=\"https:\/\/hombrescontralasviolenciasmachistas.com\/jornadas\/\">Jornadas Universitarias \u201cHombres y violencias machistas\u201d -Programa<\/a><\/li>\n<\/ul>\n","protected":false},"excerpt":{"rendered":"<p>Con motivo del d\u00e9cimo aniversario de la primera manifestaci\u00f3n de hombres contra la violencia machista, promovida por el Foro de Hombres por la Igualdad siguiendo el llamamiento del Premio Nobel Jos\u00e9 Saramago. En este marco han sido organizadas, por este Foro y la Fundaci\u00f3n Iniciativa Social, las Jornadas Universitarias \u201cHombres y violencias machistas\u201d, con la colaboraci\u00f3n de la UPO y la US.<\/p>\n","protected":false},"author":6,"featured_media":0,"comment_status":"closed","ping_status":"open","sticky":false,"template":"","format":"standard","meta":{"_monsterinsights_skip_tracking":false,"_monsterinsights_sitenote_active":false,"_monsterinsights_sitenote_note":"","_monsterinsights_sitenote_category":0,"footnotes":""},"categories":[6],"tags":[890,336,517,84,3626,3627,3628,161,146,1163,143],"class_list":["post-15918438","post","type-post","status-publish","format-standard","hentry","category-institucional","tag-feminismo","tag-genero","tag-igualdad","tag-jornadas","tag-jose-saramago","tag-machismo","tag-manifestacion","tag-sevilla","tag-sociedad","tag-universidad-de-sevilla","tag-violencia"],"_links":{"self":[{"href":"https:\/\/www.upo.es\/diario\/wp-json\/wp\/v2\/posts\/15918438","targetHints":{"allow":["GET"]}}],"collection":[{"href":"https:\/\/www.upo.es\/diario\/wp-json\/wp\/v2\/posts"}],"about":[{"href":"https:\/\/www.upo.es\/diario\/wp-json\/wp\/v2\/types\/post"}],"author":[{"embeddable":true,"href":"https:\/\/www.upo.es\/diario\/wp-json\/wp\/v2\/users\/6"}],"replies":[{"embeddable":true,"href":"https:\/\/www.upo.es\/diario\/wp-json\/wp\/v2\/comments?post=15918438"}],"version-history":[{"count":12,"href":"https:\/\/www.upo.es\/diario\/wp-json\/wp\/v2\/posts\/15918438\/revisions"}],"predecessor-version":[{"id":15954959,"href":"https:\/\/www.upo.es\/diario\/wp-json\/wp\/v2\/posts\/15918438\/revisions\/15954959"}],"wp:attachment":[{"href":"https:\/\/www.upo.es\/diario\/wp-json\/wp\/v2\/media?parent=15918438"}],"wp:term":[{"taxonomy":"category","embeddable":true,"href":"https:\/\/www.upo.es\/diario\/wp-json\/wp\/v2\/categories?post=15918438"},{"taxonomy":"post_tag","embeddable":true,"href":"https:\/\/www.upo.es\/diario\/wp-json\/wp\/v2\/tags?post=15918438"}],"curies":[{"name":"wp","href":"https:\/\/api.w.org\/{rel}","templated":true}]}}