{"id":1592537,"date":"2013-09-16T00:15:58","date_gmt":"2013-09-16T00:15:58","guid":{"rendered":"https:\/\/www.upo.es\/diario\/?p=1592537"},"modified":"2013-09-18T07:00:55","modified_gmt":"2013-09-18T07:00:55","slug":"la-igualdad-entre-mujeres-y-hombres-en-la-ue-tema-de-unas-jornadas-que-comienzan-manana-en-marchena","status":"publish","type":"post","link":"https:\/\/www.upo.es\/diario\/institucional\/2013\/09\/la-igualdad-entre-mujeres-y-hombres-en-la-ue-tema-de-unas-jornadas-que-comienzan-manana-en-marchena\/","title":{"rendered":"La igualdad entre mujeres y hombres en la UE, tema de unas jornadas que comienzan ma\u00f1ana en Marchena"},"content":{"rendered":"<p>Elena Cort\u00e9s, consejera de Fomento y Vivienda de la Junta de Andaluc\u00eda, abrir\u00e1 ma\u00f1ana con la conferencia \u2018La mujer protagonista del necesario cambio del modelo de sociedad europeo\u2019 \u00a0las <b>XXII Jornadas sobre la Uni\u00f3n Europea<\/b> que este a\u00f1o se centran en <b>\u2018La igualdad de oportunidades entre hombres y mujeres en la Uni\u00f3n Europea\u2019<\/b>. Las Jornadas comenzar\u00e1n a las 18.30 horas, en la sala Carreras (c\/ Carreras, 3) de Marchena, con el acto inaugural en el que intervendr\u00e1 Juan Antonio Zambrano, alcalde de Marchena y presidente de la <a href=\"http:\/\/www.sodemar-marchena.es\/\">Sociedad Municipal de Desarrollo Econ\u00f3mico de Marchena (Sodemar)<\/a>, entidad organizadora.<\/p>\n<p>Jos\u00e9 Manuel Cort\u00e9s, profesor de Derecho Internacional P\u00fablico y Relaciones Internacionales de la UPO y profesor Jean Monnet de Derecho e Instituciones de la Uni\u00f3n Europea, es uno de los especialistas que participar\u00e1n, junto a pol\u00edticos y profesionales que trabajan en el \u00e1mbito de la igualdad, en unas Jornadas compuestas por cuatro conferencias y una mesa redonda. Tanto la Universidad Pablo de Olavide como la Universidad de Sevilla otorgar\u00e1n dos cr\u00e9ditos de libre configuraci\u00f3n por la asistencia a las Jornadas.<\/p>\n<p>M\u00e1s informaci\u00f3n: <a href=\"http:\/\/www.upo.es\/upo_opencms\/export\/sites\/upo\/Galerias\/Descargas\/InfoEstudiantes\/XXII_jorn_UE_Marchena.pdf\">XXII Jornadas sobre la Uni\u00f3n Europea: \u2018La igualdad de oportunidades entre hombres y mujeres en la Uni\u00f3n Europea\u2019 \u2013pdf-<\/a><\/p>\n","protected":false},"excerpt":{"rendered":"<p>Elena Cort\u00e9s, consejera de Fomento y Vivienda de la Junta de Andaluc\u00eda, abrir\u00e1 ma\u00f1ana con la conferencia \u2018La mujer protagonista del necesario cambio del modelo de sociedad europeo\u2019  las XXII Jornadas sobre la Uni\u00f3n Europea que este a\u00f1o se centran en \u2018La igualdad de oportunidades entre hombres y mujeres en la Uni\u00f3n Europea\u2019. Las Jornadas comenzar\u00e1n a las 18.30 horas, en la sala Carreras (c\/ Carreras, 3) de Marchena, con el acto inaugural en el que intervendr\u00e1 Juan Antonio Zambrano, alcalde de Marchena y presidente de la Sociedad Municipal de Desarrollo Econ\u00f3mico de Marchena (Sodemar), entidad organizadora.<\/p>\n","protected":false},"author":6,"featured_media":0,"comment_status":"closed","ping_status":"open","sticky":false,"template":"","format":"standard","meta":{"_monsterinsights_skip_tracking":false,"_monsterinsights_sitenote_active":false,"_monsterinsights_sitenote_note":"","_monsterinsights_sitenote_category":0,"footnotes":""},"categories":[6],"tags":[],"class_list":["post-1592537","post","type-post","status-publish","format-standard","hentry","category-institucional"],"_links":{"self":[{"href":"https:\/\/www.upo.es\/diario\/wp-json\/wp\/v2\/posts\/1592537","targetHints":{"allow":["GET"]}}],"collection":[{"href":"https:\/\/www.upo.es\/diario\/wp-json\/wp\/v2\/posts"}],"about":[{"href":"https:\/\/www.upo.es\/diario\/wp-json\/wp\/v2\/types\/post"}],"author":[{"embeddable":true,"href":"https:\/\/www.upo.es\/diario\/wp-json\/wp\/v2\/users\/6"}],"replies":[{"embeddable":true,"href":"https:\/\/www.upo.es\/diario\/wp-json\/wp\/v2\/comments?post=1592537"}],"version-history":[{"count":6,"href":"https:\/\/www.upo.es\/diario\/wp-json\/wp\/v2\/posts\/1592537\/revisions"}],"predecessor-version":[{"id":1604573,"href":"https:\/\/www.upo.es\/diario\/wp-json\/wp\/v2\/posts\/1592537\/revisions\/1604573"}],"wp:attachment":[{"href":"https:\/\/www.upo.es\/diario\/wp-json\/wp\/v2\/media?parent=1592537"}],"wp:term":[{"taxonomy":"category","embeddable":true,"href":"https:\/\/www.upo.es\/diario\/wp-json\/wp\/v2\/categories?post=1592537"},{"taxonomy":"post_tag","embeddable":true,"href":"https:\/\/www.upo.es\/diario\/wp-json\/wp\/v2\/tags?post=1592537"}],"curies":[{"name":"wp","href":"https:\/\/api.w.org\/{rel}","templated":true}]}}