{"id":15938847,"date":"2016-10-20T11:53:34","date_gmt":"2016-10-20T11:53:34","guid":{"rendered":"https:\/\/www.upo.es\/diario\/?p=15938847"},"modified":"2016-10-24T08:28:57","modified_gmt":"2016-10-24T08:28:57","slug":"la-universidad-pablo-de-olavide-se-une-al-proyecto-unidos-por-el-acceso-al-empleo-de-estudiantes-con-discapacidad","status":"publish","type":"post","link":"https:\/\/www.upo.es\/diario\/institucional\/2016\/10\/la-universidad-pablo-de-olavide-se-une-al-proyecto-unidos-por-el-acceso-al-empleo-de-estudiantes-con-discapacidad\/","title":{"rendered":"La Universidad Pablo de Olavide se une al proyecto Unidos por el acceso al empleo de estudiantes con discapacidad"},"content":{"rendered":"<figure id=\"attachment_15938848\" aria-describedby=\"caption-attachment-15938848\" style=\"width: 600px\" class=\"wp-caption aligncenter\"><a href=\"https:\/\/www.upo.es\/diario\/wp-content\/uploads\/2016\/10\/Conv-Fund_ADECCO-UPO03.jpg\"><img loading=\"lazy\" decoding=\"async\" class=\"size-large wp-image-15938848\" alt=\"El rector de la UPO, Vicente Guzm\u00e1n Fluja, y el director general de la Fundaci\u00f3n Adecco, Francisco Mesonero Fern\u00e1ndez de C\u00f3rdoba\" src=\"https:\/\/www.upo.es\/diario\/wp-content\/uploads\/2016\/10\/Conv-Fund_ADECCO-UPO03-600x400.jpg\" width=\"600\" height=\"400\" srcset=\"https:\/\/www.upo.es\/diario\/wp-content\/uploads\/2016\/10\/Conv-Fund_ADECCO-UPO03-600x400.jpg 600w, https:\/\/www.upo.es\/diario\/wp-content\/uploads\/2016\/10\/Conv-Fund_ADECCO-UPO03-320x213.jpg 320w\" sizes=\"auto, (max-width: 600px) 100vw, 600px\" \/><\/a><figcaption id=\"caption-attachment-15938848\" class=\"wp-caption-text\">El rector de la UPO, Vicente Guzm\u00e1n Fluja, y el director general de la Fundaci\u00f3n Adecco, Francisco Mesonero Fern\u00e1ndez de C\u00f3rdoba<\/figcaption><\/figure>\n<p>El rector de la Universidad Pablo de Olavide, Vicente Guzm\u00e1n Fluja, y el director general de la Fundaci\u00f3n Adecco, Francisco Mesonero Fern\u00e1ndez de C\u00f3rdoba, han suscrito esta ma\u00f1ana un convenio de colaboraci\u00f3n para la puesta en marcha y desarrollo del Programa Unidos para fomentar la integraci\u00f3n de personas con discapacidad en el mercado laboral.<\/p>\n<p>Con este convenio, la Universidad Pablo de Olavide se ha adherido al Proyecto Unidos, una iniciativa de la Fundaci\u00f3n Adecco que ya cuenta con el apoyo de 36 empresas y otras 14 universidades, siendo la UPO la primera universidad p\u00fablica andaluza en unirse. <strong>El proyecto Unidos tiene como objetivo orientar a los estudiantes en su trayectoria profesional, acerc\u00e1ndoles la realidad empresarial, a trav\u00e9s de una visi\u00f3n pr\u00e1ctica que facilite su acceso al mercado laboral<\/strong>.<\/p>\n<p>El proyecto Unidos nace en 2013 con la misi\u00f3n de normalizar la discapacidad en el entorno universitario, desarrollar el nivel de empleabilidad de sus estudiantes con discapacidad y ofrecerles la posibilidad de conocer y ser conocidos en las empresas participantes.<\/p>\n<p><strong>La figura central del proyecto es el <em>mentoring<\/em><\/strong>. Empleados voluntarios de las empresas adheridas \u2013mentores- deciden tutorizar a uno de los estudiantes con discapacidad y apoyarles con sus conocimientos y experiencias. El proceso incluye acciones de acogida y presentaci\u00f3n, al menos dos contactos\u00a0 al mes, seguimiento durante el curso y asesoramiento telef\u00f3nico y\/online a lo largo de todo el a\u00f1o acad\u00e9mico.<\/p>\n<p>El rector de la UPO ha destacado la importancia de \u201cdar un paso m\u00e1s como universidad inclusiva gracias al proyecto Unidos de la Fundaci\u00f3n Adecco. Un trabajo que facilita el acceso a personas que lo tienen m\u00e1s dif\u00edcil por su diversidad funcional\u201d. Asimismo, ha resaltado que\u00a0 \u201csomos una universidad preocupada por la inclusi\u00f3n y eliminaci\u00f3n de barreras laborales, que apuesta por el compromiso social como parte esencial de nuestra actividad\u201d.<\/p>\n<p>Por \u00faltimo, Vicente Guzm\u00e1n ha querido subrayar que \u201caparte de la concienciaci\u00f3n y el trabajo de las entidades p\u00fablicas y privadas, es necesario un llamamiento a los poderes p\u00fablicos para que los estudiantes con discapacidad puedan acceder a la universidad y su posterior inserci\u00f3n laboral sea lo m\u00e1s exitosa posible. Por ello es necesario dotar de herramientas y medidas para que se pueda prestar estas ayudas sin dificultad\u201d.<\/p>\n<p>Seg\u00fan Francisco Mesonero, director general de la Fundaci\u00f3n Adecco: \u201cactualmente participan en el proyecto 58 estudiantes con discapacidad y sus experiencias son muy positivas, se sienten acompa\u00f1ados y apoyados por sus mentores y est\u00e1n encontrando oportunidades formativas y laborales en las empresas de estos \u00faltimos. Por su parte, los mentores nos transmiten una gran satisfacci\u00f3n, al haber conocido de cerca la discapacidad, derribando barreras y estereotipos\u201d.<\/p>\n<p>Adem\u00e1s, Mesonero recalca \u201cla gran satisfacci\u00f3n que supone la adhesi\u00f3n de la Pablo de Olavide, que refuerza la presencia del proyecto en Andaluc\u00eda y aporta valor a\u00f1adido a Unidos. Gracias a su incorporaci\u00f3n, esperamos poder incrementar el n\u00famero de estudiantes con discapacidad que se benefician del proyecto\u201d.<\/p>\n<p>Por \u00faltimo, el director general de la Fundaci\u00f3n Adecco incide en la importancia de que todos los participantes establezcan un foro continuo de di\u00e1logo, en constante b\u00fasqueda de buenas pr\u00e1cticas e iniciativas que favorezcan la presencia de profesionales cualificados con discapacidad en las empresas.<\/p>\n<p>El Proyecto Unidos es una iniciativa pionera en Espa\u00f1a que ha logrado integrar, en torno al mismo objetivo, el compromiso y apoyo de 36 empresas y 15 universidades: Universidad Aut\u00f3noma de Madrid, Universidad Polit\u00e9cnica de Madrid, Universidad Carlos III de Madrid, Universidad Rey Juan Carlos, Universidad de Castilla la Mancha, Universidad de Alcal\u00e1, Universitat de Val\u00e8ncia, Universidad Polit\u00e9cnica de Valencia, Universidad de Deusto, Universitat de les Illes Balears, Universidad P\u00fablica de Navarra, Universidad Loyola Andaluc\u00eda, Mondragon Unibertsitatea, Universidad del Pa\u00eds Vasco y Universidad Pablo de Olavide.<\/p>\n","protected":false},"excerpt":{"rendered":"<p>El rector de la Universidad Pablo de Olavide, Vicente Guzm\u00e1n Fluja, y el director general de la Fundaci\u00f3n Adecco, Francisco Mesonero Fern\u00e1ndez de C\u00f3rdoba, han suscrito un convenio de colaboraci\u00f3n para la puesta en marcha y desarrollo del Programa Unidos para fomentar la integraci\u00f3n de personas con discapacidad en el mercado laboral. <\/p>\n","protected":false},"author":4,"featured_media":0,"comment_status":"closed","ping_status":"open","sticky":false,"template":"","format":"standard","meta":{"_monsterinsights_skip_tracking":false,"_monsterinsights_sitenote_active":false,"_monsterinsights_sitenote_note":"","_monsterinsights_sitenote_category":0,"footnotes":""},"categories":[6],"tags":[326,1210,3632,47,1243,567,3633,38,106],"class_list":["post-15938847","post","type-post","status-publish","format-standard","hentry","category-institucional","tag-convenio","tag-discapacidad","tag-fundacion-adecco","tag-fundaciones","tag-insercion-laboral","tag-mercado-laboral","tag-programa-unidos","tag-rector","tag-vicente-c-guzman"],"_links":{"self":[{"href":"https:\/\/www.upo.es\/diario\/wp-json\/wp\/v2\/posts\/15938847","targetHints":{"allow":["GET"]}}],"collection":[{"href":"https:\/\/www.upo.es\/diario\/wp-json\/wp\/v2\/posts"}],"about":[{"href":"https:\/\/www.upo.es\/diario\/wp-json\/wp\/v2\/types\/post"}],"author":[{"embeddable":true,"href":"https:\/\/www.upo.es\/diario\/wp-json\/wp\/v2\/users\/4"}],"replies":[{"embeddable":true,"href":"https:\/\/www.upo.es\/diario\/wp-json\/wp\/v2\/comments?post=15938847"}],"version-history":[{"count":6,"href":"https:\/\/www.upo.es\/diario\/wp-json\/wp\/v2\/posts\/15938847\/revisions"}],"predecessor-version":[{"id":16013426,"href":"https:\/\/www.upo.es\/diario\/wp-json\/wp\/v2\/posts\/15938847\/revisions\/16013426"}],"wp:attachment":[{"href":"https:\/\/www.upo.es\/diario\/wp-json\/wp\/v2\/media?parent=15938847"}],"wp:term":[{"taxonomy":"category","embeddable":true,"href":"https:\/\/www.upo.es\/diario\/wp-json\/wp\/v2\/categories?post=15938847"},{"taxonomy":"post_tag","embeddable":true,"href":"https:\/\/www.upo.es\/diario\/wp-json\/wp\/v2\/tags?post=15938847"}],"curies":[{"name":"wp","href":"https:\/\/api.w.org\/{rel}","templated":true}]}}