{"id":15958064,"date":"2016-10-21T06:42:26","date_gmt":"2016-10-21T06:42:26","guid":{"rendered":"https:\/\/www.upo.es\/diario\/?p=15958064"},"modified":"2016-10-24T06:57:01","modified_gmt":"2016-10-24T06:57:01","slug":"la-upo-acoge-manana-sabado-la-iii-jornada-agroecologica-universitaria","status":"publish","type":"post","link":"https:\/\/www.upo.es\/diario\/institucional\/2016\/10\/la-upo-acoge-manana-sabado-la-iii-jornada-agroecologica-universitaria\/","title":{"rendered":"La UPO acoge la \u00abIII Jornada Agroecol\u00f3gica Universitaria\u00bb"},"content":{"rendered":"<p><a href=\"https:\/\/www.upo.es\/diario\/wp-content\/uploads\/2016\/10\/cartel2-600x400.png\"><img loading=\"lazy\" decoding=\"async\" class=\"alignright size-medium wp-image-15958065\" alt=\"cartel2-600x400\" src=\"https:\/\/www.upo.es\/diario\/wp-content\/uploads\/2016\/10\/cartel2-600x400-320x213.png\" width=\"320\" height=\"213\" srcset=\"https:\/\/www.upo.es\/diario\/wp-content\/uploads\/2016\/10\/cartel2-600x400-320x213.png 320w, https:\/\/www.upo.es\/diario\/wp-content\/uploads\/2016\/10\/cartel2-600x400.png 600w\" sizes=\"auto, (max-width: 320px) 100vw, 320px\" \/><\/a>La Universidad Pablo de Olavide acogi\u00f3 el pasado s\u00e1bado la <b><a href=\"http:\/\/www.upo.es\/ceicambio\/?p=1593&amp;lang=es\">\u201cIII Jornada Agroecol\u00f3gica Universitaria\u201d<\/a><\/b>, jornada formativa del proyecto que <a href=\"http:\/\/www.upo.es\/ceicambio\/\">CEI CamBio<\/a> puso en marcha el pasado a\u00f1o y que signific\u00f3 la creaci\u00f3n del \u00c1rea de Recursos Agroecol\u00f3gicos de Origen Americano \u201cCelestino Mutis\u201d, iniciativa que se desarrolla en colaboraci\u00f3n con la <a href=\"http:\/\/huertodelacora.es.tl\/\">Asociaci\u00f3n Ecocultural \u201cHuerto de la Cora<\/a>\u201d de J\u00f3dar (Ja\u00e9n) y la Asociaci\u00f3n Vecinal \u201cFuente de la Reja\u201d de Pegalajar (Ja\u00e9n).<\/p>\n<p>La jornada comenz\u00f3 a las 9:30 horas en el aula 2 del edificio 13, y ser\u00e1 inaugurada por Francisco Javier Escalera Reyes, director de CEI CamBio.<\/p>\n<p>Se trata de una actividad formativa, tanto te\u00f3rica como pr\u00e1ctica, en la que los participantes podr\u00e1n conocer de la mano de expertos distintos aspectos relativos a las semillas. As\u00ed, \u00a0la jornada comenz\u00f3 con una breve introducci\u00f3n sobre la biodiversidad en Agroecolog\u00eda, continu\u00f3 con la aproximaci\u00f3n a la normativa de las semillas ecol\u00f3gicas y los participantes conocieron el papel de las semillas en los sistemas agroecol\u00f3gicos de producci\u00f3n. La segunda parte, m\u00e1s pr\u00e1ctica, estuvo centrada en la creaci\u00f3n de un semillero y la visita al semillero de los huertos sociales de la UPO. La jornada finaliz\u00f3 con una comida de convivencia.<\/p>\n<p>Podr\u00e1n participar en esta jornada gratuita los miembros de la comunidad universitaria, las personas que forman parte de los huertos sociales de la UPO as\u00ed como aquellas personas interesadas en la tem\u00e1tica.<\/p>\n<p>El <b>\u00c1rea de Recursos Agroecol\u00f3gicos de origen Americano \u201cCelestino Mutis<\/b>\u201d, superficie de 2.500 metros cuadrados ubicada en el campus de la UPO, es un espacio de investigaci\u00f3n, conservaci\u00f3n y difusi\u00f3n de especies de alto valor etnobot\u00e1nico as\u00ed como un escenario dedicado a la formaci\u00f3n agroecol\u00f3gica. Adem\u00e1s pretende restablecer la labor hist\u00f3rica de Sevilla como nudo de recepci\u00f3n, valoraci\u00f3n, adaptaci\u00f3n y difusi\u00f3n de especies de variedades de origen americano con inter\u00e9s ecoproductivos. El proyecto contempla tambi\u00e9n el desarrollo de actividades formativas y de investigaci\u00f3n, as\u00ed como el desarrollo de actividades pr\u00e1cticas, intercambio de experiencias, intercambio de semillas y la creaci\u00f3n de un banco de recursos agrogen\u00e9ticos. Adem\u00e1s, la Universidad Pablo de Olavide cuenta desde el a\u00f1o 2012 con una parcela de 2.000 metros cuadrados destinada a huertos sociales y ecol\u00f3gicos.<\/p>\n<p><b>CEI CamBio<\/b> es un proyecto centrado en el desarrollo de la investigaci\u00f3n relacionada con el cambio global y sus repercusiones, tanto ecol\u00f3gicas como socioecon\u00f3micas, en el que participan las universidades de Almer\u00eda, C\u00e1diz, C\u00f3rdoba, Huelva, Internacional de Andaluc\u00eda, Ja\u00e9n y el CSIC, bajo la coordinaci\u00f3n de la Universidad Pablo de Olavide. Esta alianza de conocimiento andaluz busca convertirse en un referente internacional en medio ambiente, biodiversidad y cambio global, contando con Andaluc\u00eda como espacio de frontera con excepcionales condiciones para el estudio de los ecosistemas y con una prestigiosa comunidad investigadora andaluza.<\/p>\n<p><b><a href=\"http:\/\/www.upo.es\/ceicambio\/sites\/default\/files\/programaDefinitivo.pdf\">PROGRAMA \u201cIII JORNADA AGROECOL\u00d3GICA UNIVERSITARIA\u201d<\/a><\/b><\/p>\n","protected":false},"excerpt":{"rendered":"<p>La Universidad Pablo de Olavide acoge  la \u201cIII Jornada Agroecol\u00f3gica Universitaria\u201d, jornada formativa del proyecto que CEI CamBio puso en marcha el pasado a\u00f1o y que signific\u00f3 la creaci\u00f3n del \u00c1rea de Recursos Agroecol\u00f3gicos de Origen Americano \u201cCelestino Mutis\u201d, iniciativa que se desarrolla en colaboraci\u00f3n con la Asociaci\u00f3n Ecocultural \u201cHuerto de la Cora\u201d de J\u00f3dar (Ja\u00e9n) y la Asociaci\u00f3n Vecinal \u201cFuente de la Reja\u201d de Pegalajar (Ja\u00e9n).<\/p>\n","protected":false},"author":4,"featured_media":0,"comment_status":"closed","ping_status":"open","sticky":false,"template":"","format":"standard","meta":{"_monsterinsights_skip_tracking":false,"_monsterinsights_sitenote_active":false,"_monsterinsights_sitenote_note":"","_monsterinsights_sitenote_category":0,"footnotes":""},"categories":[6],"tags":[224,514,3639],"class_list":["post-15958064","post","type-post","status-publish","format-standard","hentry","category-institucional","tag-cei-cambio","tag-jornada","tag-semillas"],"_links":{"self":[{"href":"https:\/\/www.upo.es\/diario\/wp-json\/wp\/v2\/posts\/15958064","targetHints":{"allow":["GET"]}}],"collection":[{"href":"https:\/\/www.upo.es\/diario\/wp-json\/wp\/v2\/posts"}],"about":[{"href":"https:\/\/www.upo.es\/diario\/wp-json\/wp\/v2\/types\/post"}],"author":[{"embeddable":true,"href":"https:\/\/www.upo.es\/diario\/wp-json\/wp\/v2\/users\/4"}],"replies":[{"embeddable":true,"href":"https:\/\/www.upo.es\/diario\/wp-json\/wp\/v2\/comments?post=15958064"}],"version-history":[{"count":4,"href":"https:\/\/www.upo.es\/diario\/wp-json\/wp\/v2\/posts\/15958064\/revisions"}],"predecessor-version":[{"id":16012648,"href":"https:\/\/www.upo.es\/diario\/wp-json\/wp\/v2\/posts\/15958064\/revisions\/16012648"}],"wp:attachment":[{"href":"https:\/\/www.upo.es\/diario\/wp-json\/wp\/v2\/media?parent=15958064"}],"wp:term":[{"taxonomy":"category","embeddable":true,"href":"https:\/\/www.upo.es\/diario\/wp-json\/wp\/v2\/categories?post=15958064"},{"taxonomy":"post_tag","embeddable":true,"href":"https:\/\/www.upo.es\/diario\/wp-json\/wp\/v2\/tags?post=15958064"}],"curies":[{"name":"wp","href":"https:\/\/api.w.org\/{rel}","templated":true}]}}