{"id":16017315,"date":"2016-10-24T13:21:57","date_gmt":"2016-10-24T13:21:57","guid":{"rendered":"https:\/\/www.upo.es\/diario\/?p=16017315"},"modified":"2016-11-02T12:35:06","modified_gmt":"2016-11-02T12:35:06","slug":"abierto-el-plazo-de-inscripcion-para-participar-en-la-segunda-edicion-del-programa-emprendevirus","status":"publish","type":"post","link":"https:\/\/www.upo.es\/diario\/institucional\/2016\/10\/abierto-el-plazo-de-inscripcion-para-participar-en-la-segunda-edicion-del-programa-emprendevirus\/","title":{"rendered":"Abierto el plazo de inscripci\u00f3n para participar en la segunda edici\u00f3n del programa \u201cEmprendevirus\u201d"},"content":{"rendered":"<p><a href=\"https:\/\/www.upo.es\/diario\/wp-content\/uploads\/2016\/10\/cartel_emprende-virus-2016-300.png\"><img loading=\"lazy\" decoding=\"async\" class=\"alignright size-full wp-image-16017316\" alt=\"cartel_emprende-virus-2016-300\" src=\"https:\/\/www.upo.es\/diario\/wp-content\/uploads\/2016\/10\/cartel_emprende-virus-2016-300.png\" width=\"300\" height=\"421\" srcset=\"https:\/\/www.upo.es\/diario\/wp-content\/uploads\/2016\/10\/cartel_emprende-virus-2016-300.png 300w, https:\/\/www.upo.es\/diario\/wp-content\/uploads\/2016\/10\/cartel_emprende-virus-2016-300-228x320.png 228w\" sizes=\"auto, (max-width: 300px) 100vw, 300px\" \/><\/a>La Universidad Pablo de Olavide, a trav\u00e9s el Vicerrectorado de Estrategia, Empleabilidad y Emprendimiento y gracias a la colaboraci\u00f3n de Grupo Hesp\u00e9rides Biotech, <i>spin-off<\/i> de dicha universidad, pone en marcha la segunda edici\u00f3n del programa \u201cEmprendevirus\u201d,<strong> una iniciativa cuyo principal objetivo es contribuir a la detecci\u00f3n temprana de emprendedores universitarios<\/strong>, impulsando la formaci\u00f3n de equipos multidisciplinares integrados por j\u00f3venes estudiantes que inician sus estudios de Grado en la UPO.<\/p>\n<p>El programa Emprendevirus, coordinado por el \u00c1rea de Empleabilidad y Emprendimiento de la Fundaci\u00f3n Universidad Pablo de Olavide, <strong>se desarrollar\u00e1 a trav\u00e9s de un programa formativo espec\u00edfico dirigido al alumnado participante<\/strong> y en el que se abordar\u00e1n los principales aspectos a tener en cuenta a la hora de crear una empresa as\u00ed como las competencias necesarias para ser un buen emprendedor.<\/p>\n<p>Esta actividad formativa tendr\u00e1 una duraci\u00f3n total de 16 horas, de las cuales 10 horas ser\u00e1n presenciales y seis horas estimadas de trabajo no presencial. Las jornadas se desarrollar\u00e1n los d\u00edas 8, 14, 22 y 29 de noviembre y en ellas, se reflexionar\u00e1 sobre qu\u00e9 es y qu\u00e9 supone emprender; los beneficios que aporta el emprendimiento a la sociedad; se realizar\u00e1 una presentaci\u00f3n del caso \u2018Hesp\u00e9rides\u2019; se analizar\u00e1n los aspectos clave para la creaci\u00f3n de cualquier empresa y los principales hitos a cumplir; la figura del emprendedor; la importancia de la idea y de un buen plan de negocio, as\u00ed como los instrumentos de apoyo a iniciativas empresariales de la comunidad universitaria.<\/p>\n<p>Asimismo, durante las sesiones se expondr\u00e1n varios casos de j\u00f3venes emprendedores exitosos, as\u00ed como diversos talleres relacionados con la generaci\u00f3n de ideas innovadoras, la maduraci\u00f3n de tales ideas en equipos de trabajo, el desarrollo de modelos de negocio, la realizaci\u00f3n de un \u201cmini-plan de empresa\u201d o el trabajo de los roles. En la \u00faltima sesi\u00f3n que se desarrollar\u00e1 el 29 de noviembre se expondr\u00e1n y discutir\u00e1n las ideas surgidas de los distintos equipos con el resto de compa\u00f1eros del programa.<\/p>\n<p>Adem\u00e1s, las mejores iniciativas empresariales que emanen de este programa podr\u00e1n competir en la IX edici\u00f3n del Concurso de Ideas y Proyectos Empresariales de la UPO, en la categor\u00eda \u201cEmprendevirus\u201d dise\u00f1ada a tal efecto y con acceso preferente al programa formativo de este concurso si as\u00ed lo solicitan.<\/p>\n<p>Todos los interesados pueden inscribirse gratuitamente en el correo <a href=\"mailto:empleaemprende@fundacion.upo.es\">empleaemprende@fundacion.upo.es<\/a><\/p>\n<p><strong>M\u00e1s informaci\u00f3n<\/strong> en: <a href=\"https:\/\/www.upo.es\/fundaciones\/fundacion-universidad-pablo-de-olavide\/orientacion-profesional-insercion-laboral-y-empleabilidad\/emprendevirus-2016\/\">www.upo.es\/fundaciones\/<\/a><\/p>\n","protected":false},"excerpt":{"rendered":"<p>El programa Emprendevirus, a trav\u00e9s el Vicerrectorado de Estrategia, Empleabilidad y Emprendimiento y gracias a la colaboraci\u00f3n de Grupo Hesp\u00e9rides, se desarrollar\u00e1 a trav\u00e9s de un programa formativo espec\u00edfico dirigido al alumnado participante y en el que se abordar\u00e1n los principales aspectos a tener en cuenta a la hora de crear una empresa as\u00ed como las competencias necesarias para ser un buen emprendedor.<\/p>\n","protected":false},"author":6,"featured_media":0,"comment_status":"closed","ping_status":"open","sticky":false,"template":"","format":"standard","meta":{"_monsterinsights_skip_tracking":false,"_monsterinsights_sitenote_active":false,"_monsterinsights_sitenote_note":"","_monsterinsights_sitenote_category":0,"footnotes":""},"categories":[6],"tags":[689,328,2474,242],"class_list":["post-16017315","post","type-post","status-publish","format-standard","hentry","category-institucional","tag-emprendimiento","tag-formacion-permanente","tag-fundacion-universidad-pablo-de-olavide","tag-upoemprende"],"_links":{"self":[{"href":"https:\/\/www.upo.es\/diario\/wp-json\/wp\/v2\/posts\/16017315","targetHints":{"allow":["GET"]}}],"collection":[{"href":"https:\/\/www.upo.es\/diario\/wp-json\/wp\/v2\/posts"}],"about":[{"href":"https:\/\/www.upo.es\/diario\/wp-json\/wp\/v2\/types\/post"}],"author":[{"embeddable":true,"href":"https:\/\/www.upo.es\/diario\/wp-json\/wp\/v2\/users\/6"}],"replies":[{"embeddable":true,"href":"https:\/\/www.upo.es\/diario\/wp-json\/wp\/v2\/comments?post=16017315"}],"version-history":[{"count":5,"href":"https:\/\/www.upo.es\/diario\/wp-json\/wp\/v2\/posts\/16017315\/revisions"}],"predecessor-version":[{"id":16187614,"href":"https:\/\/www.upo.es\/diario\/wp-json\/wp\/v2\/posts\/16017315\/revisions\/16187614"}],"wp:attachment":[{"href":"https:\/\/www.upo.es\/diario\/wp-json\/wp\/v2\/media?parent=16017315"}],"wp:term":[{"taxonomy":"category","embeddable":true,"href":"https:\/\/www.upo.es\/diario\/wp-json\/wp\/v2\/categories?post=16017315"},{"taxonomy":"post_tag","embeddable":true,"href":"https:\/\/www.upo.es\/diario\/wp-json\/wp\/v2\/tags?post=16017315"}],"curies":[{"name":"wp","href":"https:\/\/api.w.org\/{rel}","templated":true}]}}