{"id":16035024,"date":"2016-10-26T00:01:53","date_gmt":"2016-10-26T00:01:53","guid":{"rendered":"https:\/\/www.upo.es\/diario\/?p=16035024"},"modified":"2016-10-27T06:58:54","modified_gmt":"2016-10-27T06:58:54","slug":"manana-la-facultad-de-ciencias-experimentales-de-la-upo-celebra-sus-iii-jornadas-de-calidad","status":"publish","type":"post","link":"https:\/\/www.upo.es\/diario\/institucional\/2016\/10\/manana-la-facultad-de-ciencias-experimentales-de-la-upo-celebra-sus-iii-jornadas-de-calidad\/","title":{"rendered":"La Facultad de Ciencias Experimentales de la UPO celebra hoy sus III Jornadas de Calidad"},"content":{"rendered":"<p style=\"text-align: justify;\">Hoy mi\u00e9rcoles, desde las 9 horas<strong> en el sal\u00f3n de grados de la Biblioteca<\/strong> de la Universidad Pablo de Olavide, se celebrar\u00e1n las <strong>III Jornadas de Calidad de la Facultad de Ciencias Experimentales<\/strong> de la UPO: \u201cInnovaci\u00f3n docente, calidad y coordinaci\u00f3n\u201d.<\/p>\n<p style=\"text-align: justify;\">El acto ser\u00e1 inaugurado por el decano Antonio Gallardo que comenzar\u00e1 abordando el modelo de coordinaci\u00f3n de la Facultad de Ciencias Experimentales y los nuevos retos.<\/p>\n<p style=\"text-align: justify;\">Los objetivos de estas jornadas son \u00a0el intercambio de experiencias de buenas pr\u00e1cticas docentes, conocer los proyectos de innovaci\u00f3n docente que se realizan en la facultad y crear lazos de colaboraci\u00f3n entre las distintas facultades para acciones transversales y compartir experiencias de innovaci\u00f3n, calidad y coordinaci\u00f3n.<\/p>\n<p style=\"text-align: justify;\">Las jornadas, que est\u00e1n dirigidas a todos los docentes de la Universidad Pablo de Olavide, forman parte del Proyecto de Innovaci\u00f3n Docente de la Acci\u00f3n 1 de Direcci\u00f3n General de Formaci\u00f3n e Innovaci\u00f3n Docente.<\/p>\n<p>&nbsp;<\/p>\n<p><a href=\"https:\/\/www.upo.es\/diario\/wp-content\/uploads\/2016\/10\/AGENDA-Jornada-Innovaci\u00f3n-docente-Calidad-y-Coordinaci\u00f3n-REV-44.pdf\">Programa III Jornadas de Calidad de la Facultad de Ciencias Experimentales<\/a><\/p>\n","protected":false},"excerpt":{"rendered":"<p>Los objetivos de estas jornadas son  el intercambio de experiencias de buenas pr\u00e1cticas docentes, conocer los proyectos de innovaci\u00f3n docente que se realizan en la facultad y crear lazos de colaboraci\u00f3n entre las distintas facultades para acciones transversales y compartir experiencias de innovaci\u00f3n, calidad y coordinaci\u00f3n. <\/p>\n","protected":false},"author":4,"featured_media":0,"comment_status":"closed","ping_status":"open","sticky":false,"template":"","format":"standard","meta":{"_monsterinsights_skip_tracking":false,"_monsterinsights_sitenote_active":false,"_monsterinsights_sitenote_note":"","_monsterinsights_sitenote_category":0,"footnotes":""},"categories":[6],"tags":[740,122,2497,84],"class_list":["post-16035024","post","type-post","status-publish","format-standard","hentry","category-institucional","tag-calidad","tag-facultad-ciencias-experimentales","tag-innovacion-docente","tag-jornadas"],"_links":{"self":[{"href":"https:\/\/www.upo.es\/diario\/wp-json\/wp\/v2\/posts\/16035024","targetHints":{"allow":["GET"]}}],"collection":[{"href":"https:\/\/www.upo.es\/diario\/wp-json\/wp\/v2\/posts"}],"about":[{"href":"https:\/\/www.upo.es\/diario\/wp-json\/wp\/v2\/types\/post"}],"author":[{"embeddable":true,"href":"https:\/\/www.upo.es\/diario\/wp-json\/wp\/v2\/users\/4"}],"replies":[{"embeddable":true,"href":"https:\/\/www.upo.es\/diario\/wp-json\/wp\/v2\/comments?post=16035024"}],"version-history":[{"count":7,"href":"https:\/\/www.upo.es\/diario\/wp-json\/wp\/v2\/posts\/16035024\/revisions"}],"predecessor-version":[{"id":16069911,"href":"https:\/\/www.upo.es\/diario\/wp-json\/wp\/v2\/posts\/16035024\/revisions\/16069911"}],"wp:attachment":[{"href":"https:\/\/www.upo.es\/diario\/wp-json\/wp\/v2\/media?parent=16035024"}],"wp:term":[{"taxonomy":"category","embeddable":true,"href":"https:\/\/www.upo.es\/diario\/wp-json\/wp\/v2\/categories?post=16035024"},{"taxonomy":"post_tag","embeddable":true,"href":"https:\/\/www.upo.es\/diario\/wp-json\/wp\/v2\/tags?post=16035024"}],"curies":[{"name":"wp","href":"https:\/\/api.w.org\/{rel}","templated":true}]}}