{"id":16035026,"date":"2016-10-26T00:43:59","date_gmt":"2016-10-26T00:43:59","guid":{"rendered":"https:\/\/www.upo.es\/diario\/?p=16035026"},"modified":"2016-10-27T07:03:43","modified_gmt":"2016-10-27T07:03:43","slug":"manana-en-la-upo-seminario-sobre-estrategias-de-accion-y-empoderamiento-de-mujeres-victimas-supervivientes","status":"publish","type":"post","link":"https:\/\/www.upo.es\/diario\/institucional\/2016\/10\/manana-en-la-upo-seminario-sobre-estrategias-de-accion-y-empoderamiento-de-mujeres-victimas-supervivientes\/","title":{"rendered":"Seminario sobre estrategias de acci\u00f3n y empoderamiento de mujeres v\u00edctimas supervivientes"},"content":{"rendered":"<figure id=\"attachment_16052840\" aria-describedby=\"caption-attachment-16052840\" style=\"width: 600px\" class=\"wp-caption aligncenter\"><a href=\"https:\/\/www.upo.es\/diario\/wp-content\/uploads\/2016\/10\/Mujeres-Accion_20161026.jpg\"><img loading=\"lazy\" decoding=\"async\" class=\"size-large wp-image-16052840\" alt=\"Nuria Cordero, Isabel Lucena, \" src=\"https:\/\/www.upo.es\/diario\/wp-content\/uploads\/2016\/10\/Mujeres-Accion_20161026-600x337.jpg\" width=\"600\" height=\"337\" srcset=\"https:\/\/www.upo.es\/diario\/wp-content\/uploads\/2016\/10\/Mujeres-Accion_20161026-600x337.jpg 600w, https:\/\/www.upo.es\/diario\/wp-content\/uploads\/2016\/10\/Mujeres-Accion_20161026-320x179.jpg 320w\" sizes=\"auto, (max-width: 600px) 100vw, 600px\" \/><\/a><figcaption id=\"caption-attachment-16052840\" class=\"wp-caption-text\">Nuria Cordero, Isabel Lucena, N\u00e9stor Fern\u00e1ndez y Miguel \u00c1ngel Herrera<\/figcaption><\/figure>\n<p>La Universidad Pablo de Olavide acoge hoy mi\u00e9rcoles la celebraci\u00f3n del <b>seminario \u201cEstrategias de acci\u00f3n y empoderamiento de mujeres (v\u00edctimas) supervivientes a trav\u00e9s de metodolog\u00edas participativas y creativas\u201d<\/b>, que se celebra <strong>en el marco del proyecto de la UPO \u201cTrata de personas, salud integral y cuidados: Mujeres transfronterizas en tr\u00e1nsito de Marruecos hacia Andaluc\u00eda\u201d<\/strong>.<\/p>\n<p>El encuentro ha sido inaugurado por Isabel Victoria Lucena Cid, vicerrectora de Internacionalizaci\u00f3n de la UPO; N\u00e9stor Fern\u00e1ndez Rodr\u00edguez, director de la Agencia Andaluza de Cooperaci\u00f3n Internacional para el Desarrollo de la Junta de Andaluc\u00eda; Miguel \u00c1ngel Herrera, director del \u00c1rea de Relaciones Internacionales y Cooperaci\u00f3n de esta universidad, y Nuria Cordero Ramos, coordinadora del proyecto de la Universidad Pablo de Olavide que organiza dicho seminario.<\/p>\n<p>Tras la inauguraci\u00f3n ha comenzado un taller pr\u00e1ctico vivencial con objeto de abordar la construcci\u00f3n colectiva de las categor\u00edas \u201cv\u00edctima\u201d y \u201csuperviviente\u201d. Despu\u00e9s, a las 12:00 horas, se celebrar\u00e1 una mesa de di\u00e1logo entre tres experiencias metodol\u00f3gicas participativas y creativas, que contar\u00e1 con las intervenciones de un representante del proyecto \u201cTrata de personas, salud integral y cuidados\u201d, la experiencia de sensibilizaci\u00f3n sobre la trata de seres humanos de una mujer nigeriana en su comunidad de origen, y la participaci\u00f3n de un representante de Tramaluna Teatro, compa\u00f1\u00eda de teatro colombiana de creaci\u00f3n colectiva con mujeres victimizadas en el conflicto colombiano.<\/p>\n<p>La clausura del seminario tendr\u00e1 lugar a las 14:15 horas con la representaci\u00f3n de la obra de teatro \u201cAnt\u00edgona\u201d de la compa\u00f1\u00eda Tramaluna.<\/p>\n<p>El seminario tendr\u00e1 lugar en el sal\u00f3n de grados del edificio 6, salvo el taller vivencial, que se desarrollar\u00e1 en los seminarios 1 y 8 del edificio 10 de la Universidad Pablo de Olavide.<\/p>\n","protected":false},"excerpt":{"rendered":"<p>La Universidad Pablo de Olavide acoge la celebraci\u00f3n del seminario \u201cEstrategias de acci\u00f3n y empoderamiento de mujeres (v\u00edctimas) supervivientes a trav\u00e9s de metodolog\u00edas participativas y creativas\u201d, que se celebra en el marco del proyecto de la UPO \u201cTrata de personas, salud integral y cuidados: Mujeres transfronterizas en tr\u00e1nsito de Marruecos hacia Andaluc\u00eda\u201d.<\/p>\n","protected":false},"author":2,"featured_media":0,"comment_status":"closed","ping_status":"open","sticky":false,"template":"","format":"standard","meta":{"_monsterinsights_skip_tracking":false,"_monsterinsights_sitenote_active":false,"_monsterinsights_sitenote_note":"","_monsterinsights_sitenote_category":0,"footnotes":""},"categories":[6],"tags":[3645,336,2947,233,78,522],"class_list":["post-16035026","post","type-post","status-publish","format-standard","hentry","category-institucional","tag-empoderamiento","tag-genero","tag-movimientos-migratorios","tag-mujer","tag-seminario","tag-trata"],"_links":{"self":[{"href":"https:\/\/www.upo.es\/diario\/wp-json\/wp\/v2\/posts\/16035026","targetHints":{"allow":["GET"]}}],"collection":[{"href":"https:\/\/www.upo.es\/diario\/wp-json\/wp\/v2\/posts"}],"about":[{"href":"https:\/\/www.upo.es\/diario\/wp-json\/wp\/v2\/types\/post"}],"author":[{"embeddable":true,"href":"https:\/\/www.upo.es\/diario\/wp-json\/wp\/v2\/users\/2"}],"replies":[{"embeddable":true,"href":"https:\/\/www.upo.es\/diario\/wp-json\/wp\/v2\/comments?post=16035026"}],"version-history":[{"count":11,"href":"https:\/\/www.upo.es\/diario\/wp-json\/wp\/v2\/posts\/16035026\/revisions"}],"predecessor-version":[{"id":16069918,"href":"https:\/\/www.upo.es\/diario\/wp-json\/wp\/v2\/posts\/16035026\/revisions\/16069918"}],"wp:attachment":[{"href":"https:\/\/www.upo.es\/diario\/wp-json\/wp\/v2\/media?parent=16035026"}],"wp:term":[{"taxonomy":"category","embeddable":true,"href":"https:\/\/www.upo.es\/diario\/wp-json\/wp\/v2\/categories?post=16035026"},{"taxonomy":"post_tag","embeddable":true,"href":"https:\/\/www.upo.es\/diario\/wp-json\/wp\/v2\/tags?post=16035026"}],"curies":[{"name":"wp","href":"https:\/\/api.w.org\/{rel}","templated":true}]}}