{"id":16037338,"date":"2016-10-25T03:06:20","date_gmt":"2016-10-25T03:06:20","guid":{"rendered":"https:\/\/www.upo.es\/diario\/?p=16037338"},"modified":"2016-10-25T13:10:11","modified_gmt":"2016-10-25T13:10:11","slug":"encuentro-entre-el-rector-de-la-upo-y-el-secretario-general-de-fesp-ugt-sevilla","status":"publish","type":"post","link":"https:\/\/www.upo.es\/diario\/institucional\/2016\/10\/encuentro-entre-el-rector-de-la-upo-y-el-secretario-general-de-fesp-ugt-sevilla\/","title":{"rendered":"Encuentro entre el rector de la UPO y el secretario general de FeSP-UGT Sevilla"},"content":{"rendered":"<figure id=\"attachment_160373\" aria-describedby=\"caption-attachment-160373\" style=\"width: 600px\" class=\"wp-caption aligncenter\"><a href=\"https:\/\/www.upo.es\/diario\/wp-content\/uploads\/2016\/10\/Visita-UGT_20161025.jpg\"><img loading=\"lazy\" decoding=\"async\" class=\"size-large wp-image-16037339\" alt=\"Visita-UGT_20161025\" src=\"https:\/\/www.upo.es\/diario\/wp-content\/uploads\/2016\/10\/Visita-UGT_20161025-600x337.jpg\" width=\"600\" height=\"337\" srcset=\"https:\/\/www.upo.es\/diario\/wp-content\/uploads\/2016\/10\/Visita-UGT_20161025-600x337.jpg 600w, https:\/\/www.upo.es\/diario\/wp-content\/uploads\/2016\/10\/Visita-UGT_20161025-320x179.jpg 320w\" sizes=\"auto, (max-width: 600px) 100vw, 600px\" \/><\/a><figcaption id=\"caption-attachment-160373\" class=\"wp-caption-text\">Desde la izquierda, Fernando Contreras, Manuel G\u00e1lvez, Manuela Rico, Juli\u00e1n N\u00fa\u00f1ez y Vicente Guzm\u00e1n<\/figcaption><\/figure>\n<p>El rector de la Universidad Pablo de Olavide, de Sevilla, <strong>Vicente Guzm\u00e1n<\/strong>, y el secretario general de la Federaci\u00f3n de empledas y empleados de los servicios p\u00fablicos de UGT Sevilla (FeSP-UGT-Sevilla),<strong> Juli\u00e1n N\u00fa\u00f1ez<\/strong>, han mantenido hoy un encuentro en el Rectorado de la Universidad Pablo de Olavide.<\/p>\n<p>Han visitado tambi\u00e9n el rectorado Manuel G\u00e1lvez, secretario del Sector de ense\u00f1anza, y Manuela Rico, secretaria de Administraci\u00f3n y Formaci\u00f3n, como integrantes de la comisi\u00f3n ejecutiva provincial de esta federaci\u00f3n, resultante de la fusi\u00f3n de las anteriores federaciones de ense\u00f1anza (FETE) y servicios p\u00fablicos (FSP).<\/p>\n<p>Durante la reuni\u00f3n, el rector de la UPO, acompa\u00f1ado de Fernando Contreras, gerente de la Universidad, y el secretario general de FeSP-UGT de Sevilla, han abordado los desaf\u00edos a los que se enfrenta la educaci\u00f3n superior en Andaluc\u00eda, la situaci\u00f3n actual del profesorado y el personal de administraci\u00f3n as\u00ed como la necesidad de mantener la igualdad de oportunidades en el acceso a los estudios universitarios.<\/p>\n","protected":false},"excerpt":{"rendered":"<p>El rector de la Universidad Pablo de Olavide, de Sevilla, Vicente Guzm\u00e1n, y el secretario general de la Federaci\u00f3n de empledas y empleados de los servicios p\u00fablicos de UGT Sevilla (FeSP-UGT-Sevilla), Juli\u00e1n N\u00fa\u00f1ez, han mantenido hoy un encuentro en el Rectorado de la Universidad Pablo de Olavide. <\/p>\n","protected":false},"author":6,"featured_media":0,"comment_status":"closed","ping_status":"open","sticky":false,"template":"","format":"standard","meta":{"_monsterinsights_skip_tracking":false,"_monsterinsights_sitenote_active":false,"_monsterinsights_sitenote_note":"","_monsterinsights_sitenote_category":0,"footnotes":""},"categories":[6],"tags":[465,202,682,199,1279,161,1213,3648],"class_list":["post-16037338","post","type-post","status-publish","format-standard","hentry","category-institucional","tag-educacion","tag-encuentro-institucional","tag-pas","tag-profesorado","tag-recursos-humanos","tag-sevilla","tag-sindicatos","tag-ugt"],"_links":{"self":[{"href":"https:\/\/www.upo.es\/diario\/wp-json\/wp\/v2\/posts\/16037338","targetHints":{"allow":["GET"]}}],"collection":[{"href":"https:\/\/www.upo.es\/diario\/wp-json\/wp\/v2\/posts"}],"about":[{"href":"https:\/\/www.upo.es\/diario\/wp-json\/wp\/v2\/types\/post"}],"author":[{"embeddable":true,"href":"https:\/\/www.upo.es\/diario\/wp-json\/wp\/v2\/users\/6"}],"replies":[{"embeddable":true,"href":"https:\/\/www.upo.es\/diario\/wp-json\/wp\/v2\/comments?post=16037338"}],"version-history":[{"count":2,"href":"https:\/\/www.upo.es\/diario\/wp-json\/wp\/v2\/posts\/16037338\/revisions"}],"predecessor-version":[{"id":16037341,"href":"https:\/\/www.upo.es\/diario\/wp-json\/wp\/v2\/posts\/16037338\/revisions\/16037341"}],"wp:attachment":[{"href":"https:\/\/www.upo.es\/diario\/wp-json\/wp\/v2\/media?parent=16037338"}],"wp:term":[{"taxonomy":"category","embeddable":true,"href":"https:\/\/www.upo.es\/diario\/wp-json\/wp\/v2\/categories?post=16037338"},{"taxonomy":"post_tag","embeddable":true,"href":"https:\/\/www.upo.es\/diario\/wp-json\/wp\/v2\/tags?post=16037338"}],"curies":[{"name":"wp","href":"https:\/\/api.w.org\/{rel}","templated":true}]}}