{"id":1606205,"date":"2013-09-18T00:01:10","date_gmt":"2013-09-18T00:01:10","guid":{"rendered":"https:\/\/www.upo.es\/diario\/?p=1606205"},"modified":"2013-09-19T20:13:56","modified_gmt":"2013-09-19T20:13:56","slug":"la-asociacion-alexander-von-humboldt-de-espana-se-reune-desde-manana-en-la-upo-para-abordar-la-gobernanza-de-la-universidad","status":"publish","type":"post","link":"https:\/\/www.upo.es\/diario\/institucional\/2013\/09\/la-asociacion-alexander-von-humboldt-de-espana-se-reune-desde-manana-en-la-upo-para-abordar-la-gobernanza-de-la-universidad\/","title":{"rendered":"La Asociaci\u00f3n Alexander von Humboldt de Espa\u00f1a se re\u00fane desde ma\u00f1ana en la UPO para abordar \u00abLa gobernanza de la Universidad\u00bb"},"content":{"rendered":"<figure id=\"attachment_1573110\" aria-describedby=\"caption-attachment-1573110\" style=\"width: 320px\" class=\"wp-caption alignright\"><a href=\"https:\/\/www.upo.es\/diario\/wp-content\/uploads\/2013\/09\/gobernanza-universidad.png\"><img loading=\"lazy\" decoding=\"async\" class=\"size-medium wp-image-1573110\" alt=\"\u201cLa gobernanza de la Universidad\u201d\" src=\"https:\/\/www.upo.es\/diario\/wp-content\/uploads\/2013\/09\/gobernanza-universidad-320x213.png\" width=\"320\" height=\"213\" srcset=\"https:\/\/www.upo.es\/diario\/wp-content\/uploads\/2013\/09\/gobernanza-universidad-320x213.png 320w, https:\/\/www.upo.es\/diario\/wp-content\/uploads\/2013\/09\/gobernanza-universidad-600x400.png 600w, https:\/\/www.upo.es\/diario\/wp-content\/uploads\/2013\/09\/gobernanza-universidad.png 1000w\" sizes=\"auto, (max-width: 320px) 100vw, 320px\" \/><\/a><figcaption id=\"caption-attachment-1573110\" class=\"wp-caption-text\">El XXII Encuentro Anual de la Asociaci\u00f3n Alexander von Humboldt tiene como lema \u201cLa gobernanza de la Universidad\u201d<\/figcaption><\/figure>\n<p style=\"text-align: justify;\"><span style=\"text-decoration: underline;\">Ma\u00f1ana jueves, 19 de septiembre, a las 20 horas en el Paraninfo de la Universidad Pablo de Olavide<\/span>, el rector de la UPO, Vicente Guzm\u00e1n; el embajador de la Rep\u00fablica Federal de Alemania en Espa\u00f1a, Reinhard Silberberg; la presidenta del Consejo Social de la UPO, Amparo Rubiales; el rector de la Universidad Internacional Men\u00e9ndez Pelayo, C\u00e9sar Nombela; el vicesecretario general de la Fundaci\u00f3n Alexander von Humboldt, Thomas Hesse; y el presidente de la Asociaci\u00f3n Alexander von Humboldt de Espa\u00f1a, Juan Luis G\u00f3mez Colomer, inaugurar\u00e1n el <b><span style=\"text-decoration: underline;\"><a href=\"http:\/\/www.avhe.es\/\">XXII Encuentro Anual de la Asociaci\u00f3n Alexander von Humboldt de Espa\u00f1a<\/a><\/span><\/b>, que se desarrollar\u00e1 en la UPO hasta el 22 de septiembre.<\/p>\n<p style=\"text-align: justify;\"><span style=\"text-decoration: underline;\">Tras el acto de apertura, a las 21 horas se inaugurar\u00e1 la rotulaci\u00f3n del edificio 45 de la Universidad Pablo de Olavide<\/span> con el nombre de \u201cAlexander von Humboldt\u201d, en presencia del embajador de la Rep\u00fablica Federal de Alemania, Reinhard Silberberg.<\/p>\n<p style=\"text-align: justify;\">Bajo el lema \u201cLa gobernanza de la Universidad\u201d, en este encuentro los miembros de la Asociaci\u00f3n Alexander von Humboldt de Espa\u00f1a abordar\u00e1n los cambios que el Ministerio de Educaci\u00f3n quiere realizar en la gobernanza de la Universidad.<\/p>\n<p style=\"text-align: justify;\">\u00a0El encuentro, que se estructurar\u00e1 en conferencias y mesas redondas, celebrar\u00e1 el viernes, 20 de septiembre, a las 11:30 horas en el sal\u00f3n de grados del edificio 7 de la UPO, <b>la mesa redonda sobre la reforma de la Universidad en Espa\u00f1a<\/b>, que contar\u00e1 con la participaci\u00f3n del secretario de Universidades del Ministerio de Educaci\u00f3n, Federico Mor\u00e1n; el rector de la Universidad de C\u00f3rdoba y presidente de la Asociaci\u00f3n de las Universidades P\u00fablicas Andaluzas (AUPA), Jos\u00e9 Manuel Rold\u00e1n; el rector de la UPO, Vicente Guzm\u00e1n; y el secretario general de Universidades de la Junta de Andaluc\u00eda, Francisco Triguero. La mesa redonda ser\u00e1 moderada por Santiago Garc\u00eda, catedr\u00e1tico em\u00e9rito de Pol\u00edtica Econ\u00f3mica de la Empresa de la Universidad de Alcal\u00e1 y presidente honorario de la Asociaci\u00f3n Alexander von Humboldt de Espa\u00f1a.<\/p>\n<p style=\"text-align: justify;\">\u00a0Asimismo, el encuentro contar\u00e1 con la participaci\u00f3n de relevantes catedr\u00e1ticos como Vittoria Bors\u00f2, de la Universidad de Dusseldorf; V\u00edctor Moreno Catena, secretario de la Confederaci\u00f3n de Ministros de Justicia de Iberoam\u00e9rica y catedr\u00e1tico de Derecho Procesal de la Universidad Carlos III de Madrid; y Bartolom\u00e9 Yun Casalillas y Francisco Mu\u00f1oz Conde, de la Universidad Pablo de Olavide, de Sevilla, este \u00faltimo Premio Mutis-Humboldt 1999 en Ciencias Jur\u00eddicas.<\/p>\n<p style=\"text-align: justify;\">El comit\u00e9 organizador del evento est\u00e1 compuesto por los presidentes, el catedr\u00e1tico Juan Luis G\u00f3mez Colomer, de la Universidad Jaume I de Castell\u00f3n y presidente de la Asociaci\u00f3n Alexander von Humboldt de Espa\u00f1a, y el rector de la Universidad Pablo de Olavide, Vicente Guzm\u00e1n Fluja; los vocales, la profesora Pilar Rodr\u00edguez Reina, vicerrectora de Internacionalizaci\u00f3n y Comunicaci\u00f3n de la UPO; el profesor Jos\u00e9 Antonio Colmenero, secretario general de la UPO; el profesor Aurelio Serrano, del CSIC\/Universidad de Sevilla; el profesor Emilio Elizalde, de la IEEC\/CSIC Barcelona, y el profesor Jos\u00e9 Ignacio Valenzuela, de la Universidad de Valencia.<\/p>\n<p style=\"text-align: justify;\">La Asociaci\u00f3n Alexander von Humboldt de Espa\u00f1a <b>\u00a0<\/b>re\u00fane a todos los antiguos becarios y\u00a0 Premios Humboldt de la Fundaci\u00f3n Alexander von Humboldt, espa\u00f1oles o residentes en Espa\u00f1a, que deseen\u00a0 integrarse en la misma. La <a href=\"http:\/\/www.humboldt-foundation.de\/\">Fundaci\u00f3n Alexander von Humboldt<\/a> (Alexander von Humboldt Stiftung), que lleva el nombre del famoso naturalista y explorador alem\u00e1n, es una prestigiosa fundaci\u00f3n p\u00fablica alemana que tiene como fin fomentar la cooperaci\u00f3n internacional en materia de investigaci\u00f3n.<\/p>\n<p style=\"text-align: justify;\">Esta fundaci\u00f3n concedi\u00f3 en 1999 el Premio Mutis-Humboldt de Ciencias Jur\u00eddicas a Francisco Mu\u00f1oz Conde, primer jurista espa\u00f1ol en recibir este galard\u00f3n que anualmente concede la Fundaci\u00f3n Alexander von Humboldt en materia de investigaci\u00f3n en todos los \u00e1mbitos del saber.<\/p>\n<p style=\"text-align: justify;\">\u00a0<a href=\"http:\/\/www.upo.es\/upo_opencms\/export\/sites\/upo\/Galerias\/Descargas\/InfoEstudiantes\/Programa_XXII_Encuentro_Humboldt.pdf\">Programa del XXII Encuentro Anual de la Asociaci\u00f3n Alexander von Humboldt de Espa\u00f1a<\/a><\/p>\n","protected":false},"excerpt":{"rendered":"<p>Bajo el lema \u201cLa gobernanza de la Universidad\u201d, en este encuentro los miembros de la Asociaci\u00f3n Alexander von Humboldt de Espa\u00f1a abordar\u00e1n los cambios que el Ministerio de Educaci\u00f3n quiere realizar en la gobernanza de la Universidad.<\/p>\n","protected":false},"author":4,"featured_media":0,"comment_status":"closed","ping_status":"open","sticky":false,"template":"","format":"standard","meta":{"_monsterinsights_skip_tracking":false,"_monsterinsights_sitenote_active":false,"_monsterinsights_sitenote_note":"","_monsterinsights_sitenote_category":0,"footnotes":""},"categories":[6],"tags":[864,372,354,821,822,38],"class_list":["post-1606205","post","type-post","status-publish","format-standard","hentry","category-institucional","tag-alemania","tag-asociacion","tag-congreso","tag-encuentro","tag-humboldt","tag-rector"],"_links":{"self":[{"href":"https:\/\/www.upo.es\/diario\/wp-json\/wp\/v2\/posts\/1606205","targetHints":{"allow":["GET"]}}],"collection":[{"href":"https:\/\/www.upo.es\/diario\/wp-json\/wp\/v2\/posts"}],"about":[{"href":"https:\/\/www.upo.es\/diario\/wp-json\/wp\/v2\/types\/post"}],"author":[{"embeddable":true,"href":"https:\/\/www.upo.es\/diario\/wp-json\/wp\/v2\/users\/4"}],"replies":[{"embeddable":true,"href":"https:\/\/www.upo.es\/diario\/wp-json\/wp\/v2\/comments?post=1606205"}],"version-history":[{"count":11,"href":"https:\/\/www.upo.es\/diario\/wp-json\/wp\/v2\/posts\/1606205\/revisions"}],"predecessor-version":[{"id":1606210,"href":"https:\/\/www.upo.es\/diario\/wp-json\/wp\/v2\/posts\/1606205\/revisions\/1606210"}],"wp:attachment":[{"href":"https:\/\/www.upo.es\/diario\/wp-json\/wp\/v2\/media?parent=1606205"}],"wp:term":[{"taxonomy":"category","embeddable":true,"href":"https:\/\/www.upo.es\/diario\/wp-json\/wp\/v2\/categories?post=1606205"},{"taxonomy":"post_tag","embeddable":true,"href":"https:\/\/www.upo.es\/diario\/wp-json\/wp\/v2\/tags?post=1606205"}],"curies":[{"name":"wp","href":"https:\/\/api.w.org\/{rel}","templated":true}]}}