{"id":16073833,"date":"2016-10-28T01:09:38","date_gmt":"2016-10-28T01:09:38","guid":{"rendered":"https:\/\/www.upo.es\/diario\/?p=16073833"},"modified":"2016-10-28T13:16:09","modified_gmt":"2016-10-28T13:16:09","slug":"la-responsabilidad-social-corporativa-en-la-industria-tema-de-la-jornada-que-se-celebra-manana-en-la-upo","status":"publish","type":"post","link":"https:\/\/www.upo.es\/diario\/institucional\/2016\/10\/la-responsabilidad-social-corporativa-en-la-industria-tema-de-la-jornada-que-se-celebra-manana-en-la-upo\/","title":{"rendered":"La Responsabilidad Social Corporativa en la Industria, tema de la jornada que se celebra en la UPO"},"content":{"rendered":"<figure id=\"attachment_16091785\" aria-describedby=\"caption-attachment-16091785\" style=\"width: 600px\" class=\"wp-caption aligncenter\"><a href=\"https:\/\/www.upo.es\/diario\/wp-content\/uploads\/2016\/10\/Jorn_RSC2.jpg\"><img loading=\"lazy\" decoding=\"async\" class=\"size-large wp-image-16091785\" alt=\"El decano de la Facultad de Ciencias Empresariales ha inaugurado la jornada.\" src=\"https:\/\/www.upo.es\/diario\/wp-content\/uploads\/2016\/10\/Jorn_RSC2-600x399.jpg\" width=\"600\" height=\"399\" srcset=\"https:\/\/www.upo.es\/diario\/wp-content\/uploads\/2016\/10\/Jorn_RSC2-600x399.jpg 600w, https:\/\/www.upo.es\/diario\/wp-content\/uploads\/2016\/10\/Jorn_RSC2-320x213.jpg 320w\" sizes=\"auto, (max-width: 600px) 100vw, 600px\" \/><\/a><figcaption id=\"caption-attachment-16091785\" class=\"wp-caption-text\">El decano de la Facultad de Ciencias Empresariales ha inaugurado la jornada.<\/figcaption><\/figure>\n<p style=\"text-align: justify;\">Hoy viernes,<strong> a las 10.30 horas en el sal\u00f3n de grados de la Biblioteca<\/strong> de la Universidad Pablo de Olavide, ha comenzado el 2<strong>\u00ba ciclo universitario \u201cSevilla es Industria\u201d<\/strong> con la jornada la \u201cResponsabilidad Social Corporativa en la Industria\u201d. El acto ser\u00e1 inaugurado por el decano de la Facultad de Ciencias Empresariales de la UPO, Jes\u00fas J. Cambra Fierro.<\/p>\n<p style=\"text-align: justify;\">Tras la inauguraci\u00f3n, se ha celebrado una mesa redonda en la que se ha abordado las actuaciones de responsabilidad social medioambiental de las empresas. Para ello, se ha contado con la intervenci\u00f3n de Mauricio Dom\u00ednguez-Adame Lanuza, director de Responsabilidad Social Corporativa de Heineken Espa\u00f1a; M\u00aa \u00c1ngeles Cordero, responsable de Comunicaci\u00f3n de Renault Sevilla y Carlos S\u00e1nchez Fransesch, responsable de Calidad, Medio Ambiente y Energ\u00eda de Sider\u00fargica Sevillana.<\/p>\n<p style=\"text-align: justify;\">Esta jornada est\u00e1 organizada por \u201cSevilla es Industria\u201d y la Facultad de Ciencias Empresariales de la Universidad Pablo de Olavide.<\/p>\n<p style=\"text-align: justify;\"><strong>El ciclo constar\u00e1 de tres citas que se desarrollar\u00e1n en unos 20 d\u00edas- entre el 28 de octubre y el 17 de noviembre- en la Universidad Pablo de Olavide, la Universidad Loyola Andaluc\u00eda y la Universidad de Sevilla.<\/strong> Los tres eventos se centrar\u00e1n en profundizar en los aspectos relacionados con la Responsabilidad Social Corporativa de las empresas, si bien en cada uno de ellos se har\u00e1 hincapi\u00e9 en uno de los tres \u00e1mbitos de la RSC: el social, el econ\u00f3mico y el medioambiental.<\/p>\n<p style=\"text-align: justify;\"><a href=\"http:\/\/www.sevillaesindustria.es\/\">Sevilla es Industria<\/a>, la plataforma creada por las principales compa\u00f1\u00edas industriales de Sevilla, pone en marcha por segundo a\u00f1o consecutivo un ciclo de actividades de acercamiento a la comunidad universitaria local con el objetivo de familiarizar a estudiantes y profesores con la realidad del sector y difundir, mediante el conocimiento y el intercambio de experiencias, la importancia de contar con una industria s\u00f3lida y diversificada.<\/p>\n<p style=\"text-align: justify;\"><a href=\"http:\/\/www.sevillaesindustria.es\/wp-content\/uploads\/2016\/10\/Cartel-2%C2%BA-ciclo-universitario.UPO_.jpg\">Programa 2\u00ba ciclo universitario \u201cSevilla es Industria\u201d: La Responsabilidad Social Corporativa en la Industria<\/a><\/p>\n<p><a data-flickr-embed=\"true\" data-header=\"true\"  href=\"https:\/\/www.flickr.com\/photos\/pablodeolavide\/albums\/72157674377581832\" title=\"Jornada &quot;Responsabilidad Social Corporativa en la Industria&quot;\"><img loading=\"lazy\" decoding=\"async\" src=\"https:\/\/c3.staticflickr.com\/6\/5714\/29985476034_7ae1e4f18d_z.jpg\" width=\"640\" height=\"427\" alt=\"Jornada &quot;Responsabilidad Social Corporativa en la Industria&quot;\"><\/a><script async src=\"\/\/embedr.flickr.com\/assets\/client-code.js\" charset=\"utf-8\"><\/script><\/p>\n","protected":false},"excerpt":{"rendered":"<p>Durante la jornada, organizada por \u00abSevilla es Industria\u00bb y la Facultad de Ciencias Empresariales de la UPO, se ha celebrado una mesa redonda en la que se ha abordado las actuaciones de responsabilidad social medioambiental de las empresas.<\/p>\n","protected":false},"author":4,"featured_media":0,"comment_status":"closed","ping_status":"open","sticky":false,"template":"","format":"standard","meta":{"_monsterinsights_skip_tracking":false,"_monsterinsights_sitenote_active":false,"_monsterinsights_sitenote_note":"","_monsterinsights_sitenote_category":0,"footnotes":""},"categories":[6],"tags":[360,514,3652,3651],"class_list":["post-16073833","post","type-post","status-publish","format-standard","hentry","category-institucional","tag-facultad-de-ciencias-empresariales","tag-jornada","tag-responsabilidad-social-corporativa","tag-sevilla-es-industria"],"_links":{"self":[{"href":"https:\/\/www.upo.es\/diario\/wp-json\/wp\/v2\/posts\/16073833","targetHints":{"allow":["GET"]}}],"collection":[{"href":"https:\/\/www.upo.es\/diario\/wp-json\/wp\/v2\/posts"}],"about":[{"href":"https:\/\/www.upo.es\/diario\/wp-json\/wp\/v2\/types\/post"}],"author":[{"embeddable":true,"href":"https:\/\/www.upo.es\/diario\/wp-json\/wp\/v2\/users\/4"}],"replies":[{"embeddable":true,"href":"https:\/\/www.upo.es\/diario\/wp-json\/wp\/v2\/comments?post=16073833"}],"version-history":[{"count":9,"href":"https:\/\/www.upo.es\/diario\/wp-json\/wp\/v2\/posts\/16073833\/revisions"}],"predecessor-version":[{"id":16092573,"href":"https:\/\/www.upo.es\/diario\/wp-json\/wp\/v2\/posts\/16073833\/revisions\/16092573"}],"wp:attachment":[{"href":"https:\/\/www.upo.es\/diario\/wp-json\/wp\/v2\/media?parent=16073833"}],"wp:term":[{"taxonomy":"category","embeddable":true,"href":"https:\/\/www.upo.es\/diario\/wp-json\/wp\/v2\/categories?post=16073833"},{"taxonomy":"post_tag","embeddable":true,"href":"https:\/\/www.upo.es\/diario\/wp-json\/wp\/v2\/tags?post=16073833"}],"curies":[{"name":"wp","href":"https:\/\/api.w.org\/{rel}","templated":true}]}}