{"id":1611347,"date":"2013-09-19T08:02:27","date_gmt":"2013-09-19T08:02:27","guid":{"rendered":"https:\/\/www.upo.es\/diario\/?p=1611347"},"modified":"2013-09-20T10:36:26","modified_gmt":"2013-09-20T10:36:26","slug":"la-universidad-pablo-de-olavide-de-sevilla-celebra-el-xi-congreso-espanol-de-ciencia-politica","status":"publish","type":"post","link":"https:\/\/www.upo.es\/diario\/institucional\/2013\/09\/la-universidad-pablo-de-olavide-de-sevilla-celebra-el-xi-congreso-espanol-de-ciencia-politica\/","title":{"rendered":"La Universidad Pablo de Olavide de Sevilla celebra el XI Congreso Espa\u00f1ol de Ciencia Pol\u00edtica"},"content":{"rendered":"<figure id=\"attachment_1608120\" aria-describedby=\"caption-attachment-1608120\" style=\"width: 320px\" class=\"wp-caption alignright\"><a href=\"https:\/\/www.upo.es\/diario\/wp-content\/uploads\/2013\/09\/congreso_cienciapolitica.jpg\"><img loading=\"lazy\" decoding=\"async\" class=\"size-medium wp-image-1608120\" alt=\"M\u00e1s de 500 expertos de Europa y Latinoam\u00e9rica se re\u00fanen  hasta el 20 de septiembre en la UPO para abordar la &quot;Pol\u00edtica en tiempos de incertidumbre&quot;\" src=\"https:\/\/www.upo.es\/diario\/wp-content\/uploads\/2013\/09\/congreso_cienciapolitica-320x213.jpg\" width=\"320\" height=\"213\" srcset=\"https:\/\/www.upo.es\/diario\/wp-content\/uploads\/2013\/09\/congreso_cienciapolitica-320x213.jpg 320w, https:\/\/www.upo.es\/diario\/wp-content\/uploads\/2013\/09\/congreso_cienciapolitica-1024x682.jpg 1024w, https:\/\/www.upo.es\/diario\/wp-content\/uploads\/2013\/09\/congreso_cienciapolitica-600x400.jpg 600w\" sizes=\"auto, (max-width: 320px) 100vw, 320px\" \/><\/a><figcaption id=\"caption-attachment-1608120\" class=\"wp-caption-text\">M\u00e1s de 500 expertos de Europa y Latinoam\u00e9rica se re\u00fanen hasta el 20 de septiembre en la UPO para abordar la \u00abPol\u00edtica en tiempos de incertidumbre\u00bb<\/figcaption><\/figure>\n<p><span style=\"text-decoration: underline;\">Ayer fue inaugurado en el Paraninfo de la Universidad Pablo de Olavide<\/span>, de Sevilla, el<a href=\"http:\/\/www.aecpa.es\/presentacion\/pages.41\"> XI Congreso Espa\u00f1ol de Ciencia Pol\u00edtica y de la Administraci\u00f3n<\/a>, que bajo el lema \u201cPol\u00edtica en tiempos de incertidumbre\u201d, se desarrolla en esta universidad hasta el 20 de septiembre. Al encuentro, que est\u00e1 organizado por la Universidad Pablo de Olavide y la Asociaci\u00f3n Espa\u00f1ola de Ciencia Pol\u00edtica y de la Administraci\u00f3n <a href=\"http:\/\/www.aecpa.es\/\">(AECPA)<\/a>, asisten m\u00e1s de 500 expertos de Europa y Latinoam\u00e9rica. El Congreso de Ciencia Pol\u00edtica ha sido inaugurado por la presidenta de la Junta de Andaluc\u00eda, Susana D\u00edaz, junto al rector de la UPO, Vicente Guzm\u00e1n; el alcalde del Ayuntamiento de Sevilla, Juan Ignacio Zoido; el presidente de la Asociaci\u00f3n Espa\u00f1ola de Ciencia Pol\u00edtica y de la Administraci\u00f3n (AECPA), Juan Luis Paniagua, y la profesora del Departamento de Derecho P\u00fablico de la UPO y presidenta del comit\u00e9 organizador local del congreso, Carmen Ortega.<\/p>\n<p>En el acto de inauguraci\u00f3n, en el que los miembros de la mesa de inauguraci\u00f3n han tenido un emotivo recuerdo para la primera rectora de la UPO, Rosario Valpuesta, la presidenta de la Junta ha apostado por una reforma de la Constituci\u00f3n para reforzar la educaci\u00f3n p\u00fablica y no relegar la sanidad p\u00fablica.<\/p>\n<figure id=\"attachment_1608119\" aria-describedby=\"caption-attachment-1608119\" style=\"width: 320px\" class=\"wp-caption alignright\"><a href=\"https:\/\/www.upo.es\/diario\/wp-content\/uploads\/2013\/09\/congreso_cienciapolitica1.jpg\"><img loading=\"lazy\" decoding=\"async\" class=\"size-medium wp-image-1608119\" alt=\"Desde la izquierda: Juan Luis Paniagua, Vicente Guzm\u00e1n, Susana D\u00edaz, Juan Ignacio Zoido y Carmen Ortega\" src=\"https:\/\/www.upo.es\/diario\/wp-content\/uploads\/2013\/09\/congreso_cienciapolitica1-320x213.jpg\" width=\"320\" height=\"213\" srcset=\"https:\/\/www.upo.es\/diario\/wp-content\/uploads\/2013\/09\/congreso_cienciapolitica1-320x213.jpg 320w, https:\/\/www.upo.es\/diario\/wp-content\/uploads\/2013\/09\/congreso_cienciapolitica1-1024x682.jpg 1024w, https:\/\/www.upo.es\/diario\/wp-content\/uploads\/2013\/09\/congreso_cienciapolitica1-600x400.jpg 600w\" sizes=\"auto, (max-width: 320px) 100vw, 320px\" \/><\/a><figcaption id=\"caption-attachment-1608119\" class=\"wp-caption-text\">Desde la izquierda: Juan Luis Paniagua, Vicente Guzm\u00e1n, Susana D\u00edaz, Juan Ignacio Zoido y Carmen Ortega<\/figcaption><\/figure>\n<p>Por su parte, el rector de la UPO ha agradecido el compromiso mostrado por Susana D\u00edaz con el sistema universitario p\u00fablico andaluz, y ha reclamado a las universidades que \u201chagamos un esfuerzo por ser el motor del conocimiento y la investigaci\u00f3n, y tambi\u00e9n para crear una sociedad m\u00e1s justa y m\u00e1s solidaria\u201d. Vicente Guzm\u00e1n ha resaltado del congreso que \u201csupone una oportunidad casi hist\u00f3rica en estos momentos en que la pol\u00edtica invita a la reflexi\u00f3n, y una oportunidad tambi\u00e9n de disfrutar de la ciudad de Sevilla y de nuestra universidad\u201d.<\/p>\n<p>Tambi\u00e9n el alcalde les ha abierto a los congresistas \u201clos brazos de Sevilla, una ciudad perfecta para vivir, para disfrutar y tambi\u00e9n para innovar y para emprender como hacen ustedes en este congreso\u201d.<\/p>\n<p style=\"text-align: justify;\">De otro lado, Juan Luis Paniagua ha subrayado el compromiso de la asociaci\u00f3n que preside en \u201credoblar nuestro impulso para elevar la cultura c\u00edvica y los valores democr\u00e1ticos\u201d, mientras que Carmen Ortega ha agradecido a la asociaci\u00f3n haber confiado en el \u00e1rea de Ciencia Pol\u00edtica de la UPO para la organizaci\u00f3n de este congreso.<\/p>\n<p style=\"text-align: justify;\">En este encuentro, de organizaci\u00f3n espa\u00f1ola pero con vocaci\u00f3n internacional, se presentan un total de 450 ponencias distribuidas en unos 70 grupos de trabajo que re\u00fanen a m\u00e1s de 500 expertos, profesores e investigadores europeos y latinoamericanos, para explorar los m\u00faltiples aspectos y enfoques de los estudios politol\u00f3gicos, as\u00ed como revisar cr\u00edticamente los instrumentos, m\u00e9todos y evaluar el estado de la cuesti\u00f3n desde el terreno de la teor\u00eda.<\/p>\n<p style=\"text-align: justify;\">Asimismo, est\u00e1 prevista la celebraci\u00f3n de una serie de mesas redondas para abordar cuestiones como las responsabilidades y consecuencias ante la crisis, los desaf\u00edos de la pol\u00edtica democr\u00e1tica en Am\u00e9rica Latina vistos desde la periferia y el an\u00e1lisis pol\u00edtico desde los blogs, con la participaci\u00f3n de expertos como Sandra Le\u00f3n, de la Universidad de York (Reino Unido); Jos\u00e9 Mar\u00eda Vall\u00e9s, de la Universidad Aut\u00f3noma de Barcelona; Esther del Campo, de la Universidad Complutense de Madrid; Manuel Hidalgo, de la Universidad Carlos III; Silvia Claveira, del blog <i>Cercle Gerrymandering<\/i>, y Marc Guinjoan, del blog <i>El pati descobert<\/i>, entre otros.<\/p>\n<p style=\"text-align: justify;\">El congreso tiene como objetivos difundir los avances cient\u00edficos en el campo de la Ciencias Pol\u00edticas y de la Administraci\u00f3n a nivel nacional e internacional; compartir entre la comunidad cient\u00edfica los diferentes trabajos dentro de la Ciencia Pol\u00edtica espa\u00f1ola; establecer lazos y redes nacionales e internacionales entre investigadores; ofrecer respuestas e interpretaciones cient\u00edficas a los retos sociopol\u00edticos que se plantean en las democracias occidentales; y consolidar los estudios politol\u00f3gicos en Andaluc\u00eda y en Espa\u00f1a con vocaci\u00f3n internacional.<\/p>\n<p style=\"text-align: justify;\">\u00a0El XI Congreso Espa\u00f1ol de Ciencia Pol\u00edtica y de la Administraci\u00f3n, cuyo comit\u00e9 organizador local est\u00e1 compuesto por investigadores de diferentes universidades andaluzas y presidido por la profesora del Departamento de Derecho P\u00fablico de la UPO, Carmen Ortega Villodres, pretende dar un nuevo impulso a los estudios pol\u00edticos en Espa\u00f1a, y contribuir a la internacionalizaci\u00f3n de los mismos.<\/p>\n<p style=\"text-align: justify;\">\u00a0<a href=\"http:\/\/www.aecpa.es\/programa-franjas-y-espacios\/pages.52\">Programa del XI Congreso Espa\u00f1ol de Ciencia Pol\u00edtica y de la Administraci\u00f3n<\/a><\/p>\n","protected":false},"excerpt":{"rendered":"<p>En este encuentro, de organizaci\u00f3n espa\u00f1ola pero con vocaci\u00f3n internacional, se presentan un total de 450 ponencias distribuidas en unos 70 grupos de trabajo que re\u00fanen a m\u00e1s de 500 expertos, profesores e investigadores europeos y latinoamericanos, para explorar los m\u00faltiples aspectos y enfoques de los estudios politol\u00f3gicos, as\u00ed como revisar cr\u00edticamente los instrumentos, m\u00e9todos y evaluar el estado de la cuesti\u00f3n desde el terreno de la teor\u00eda.<\/p>\n","protected":false},"author":4,"featured_media":0,"comment_status":"closed","ping_status":"open","sticky":false,"template":"","format":"standard","meta":{"_monsterinsights_skip_tracking":false,"_monsterinsights_sitenote_active":false,"_monsterinsights_sitenote_note":"","_monsterinsights_sitenote_category":0,"footnotes":""},"categories":[6],"tags":[490,801,865,354,76],"class_list":["post-1611347","post","type-post","status-publish","format-standard","hentry","category-institucional","tag-administracion","tag-aecpa","tag-ciencia-politica","tag-congreso","tag-politica"],"_links":{"self":[{"href":"https:\/\/www.upo.es\/diario\/wp-json\/wp\/v2\/posts\/1611347","targetHints":{"allow":["GET"]}}],"collection":[{"href":"https:\/\/www.upo.es\/diario\/wp-json\/wp\/v2\/posts"}],"about":[{"href":"https:\/\/www.upo.es\/diario\/wp-json\/wp\/v2\/types\/post"}],"author":[{"embeddable":true,"href":"https:\/\/www.upo.es\/diario\/wp-json\/wp\/v2\/users\/4"}],"replies":[{"embeddable":true,"href":"https:\/\/www.upo.es\/diario\/wp-json\/wp\/v2\/comments?post=1611347"}],"version-history":[{"count":7,"href":"https:\/\/www.upo.es\/diario\/wp-json\/wp\/v2\/posts\/1611347\/revisions"}],"predecessor-version":[{"id":1611351,"href":"https:\/\/www.upo.es\/diario\/wp-json\/wp\/v2\/posts\/1611347\/revisions\/1611351"}],"wp:attachment":[{"href":"https:\/\/www.upo.es\/diario\/wp-json\/wp\/v2\/media?parent=1611347"}],"wp:term":[{"taxonomy":"category","embeddable":true,"href":"https:\/\/www.upo.es\/diario\/wp-json\/wp\/v2\/categories?post=1611347"},{"taxonomy":"post_tag","embeddable":true,"href":"https:\/\/www.upo.es\/diario\/wp-json\/wp\/v2\/tags?post=1611347"}],"curies":[{"name":"wp","href":"https:\/\/api.w.org\/{rel}","templated":true}]}}