{"id":1614620,"date":"2013-09-19T20:08:29","date_gmt":"2013-09-19T20:08:29","guid":{"rendered":"https:\/\/www.upo.es\/diario\/?p=1614620"},"modified":"2013-09-23T07:10:21","modified_gmt":"2013-09-23T07:10:21","slug":"el-embajador-de-alemania-inaugura-el-xxii-encuentro-de-la-asociacion-alexander-von-humboldt-de-espana","status":"publish","type":"post","link":"https:\/\/www.upo.es\/diario\/institucional\/2013\/09\/el-embajador-de-alemania-inaugura-el-xxii-encuentro-de-la-asociacion-alexander-von-humboldt-de-espana\/","title":{"rendered":"El embajador de Alemania inaugura el XXII Encuentro de la Asociaci\u00f3n Alexander von Humboldt de Espa\u00f1a"},"content":{"rendered":"<figure id=\"attachment_1614621\" aria-describedby=\"caption-attachment-1614621\" style=\"width: 320px\" class=\"wp-caption alignright\"><a href=\"https:\/\/www.upo.es\/diario\/wp-content\/uploads\/2013\/09\/rotulacion.jpg\"><img loading=\"lazy\" decoding=\"async\" class=\"size-medium wp-image-1614621\" alt=\"Desde la izquierda: Thomas Hesse, el rector Vicente Guzm\u00e1n, el embajador Reinhard Silberberg y Juan Luis G\u00f3mez Colomer\" src=\"https:\/\/www.upo.es\/diario\/wp-content\/uploads\/2013\/09\/rotulacion-320x213.jpg\" width=\"320\" height=\"213\" srcset=\"https:\/\/www.upo.es\/diario\/wp-content\/uploads\/2013\/09\/rotulacion-320x213.jpg 320w, https:\/\/www.upo.es\/diario\/wp-content\/uploads\/2013\/09\/rotulacion-1024x682.jpg 1024w, https:\/\/www.upo.es\/diario\/wp-content\/uploads\/2013\/09\/rotulacion-600x400.jpg 600w\" sizes=\"auto, (max-width: 320px) 100vw, 320px\" \/><\/a><figcaption id=\"caption-attachment-1614621\" class=\"wp-caption-text\">Desde la izquierda: Thomas Hesse, el rector Vicente Guzm\u00e1n, el embajador Reinhard Silberberg y Juan Luis G\u00f3mez Colomer<\/figcaption><\/figure>\n<p>El embajador de la Rep\u00fablica Federal de Alemania en Espa\u00f1a, Reinhard Silberberg; junto al \u00a0rector de la Universidad Pablo de Olavide de Sevilla, Vicente Guzm\u00e1n, ha inaugurado esta tarde en el Paraninfo de la UPO el <b><a href=\"http:\/\/www.avhe.es\/\">XXII Encuentro Anual de la Asociaci\u00f3n Alexander von Humboldt de Espa\u00f1a<\/a><\/b>, que se desarrollar\u00e1 en la UPO hasta el 22 de septiembre. En la mesa de inauguraci\u00f3n les han acompa\u00f1ado la presidenta del Consejo Social de la UPO, Amparo Rubiales; el rector de la Universidad Internacional Men\u00e9ndez Pelayo, C\u00e9sar Nombela; el vicesecretario general de la Fundaci\u00f3n Alexander von Humboldt, Thomas Hesse; y el presidente de la Asociaci\u00f3n Alexander von Humboldt de Espa\u00f1a, Juan Luis G\u00f3mez Colomer.<\/p>\n<p>Tras el acto de apertura, el embajador de Alemania y el rector de la UPO han descubierto la rotulaci\u00f3n del edificio 45 de la Universidad Pablo de Olavide, que a partir de ahora llevar\u00e1 el nombre del reputado naturalista y explorador alem\u00e1n Alexander von Humboldt.<\/p>\n<p>En la inauguraci\u00f3n, el embajador alem\u00e1n ha afirmado que \u201chay que invertir en formaci\u00f3n, investigaci\u00f3n y ciencia, porque son decisivas para el futuro y el bienestar de un pa\u00eds\u201d. Silberberg, que ha subrayado que por supuesto son necesarias reformas estructurales sensatas, ha recordado que en su pa\u00eds, Alemania, como consecuencia de las dificultades financieras de finales de los a\u00f1os noventa, se hicieron necesarios recortes y reformas estructurales. No obstante, \u201clos Estados federales excluyeron de los mismos a las universidades\u201d.<\/p>\n<p>Por su parte, el rector de la UPO ha subrayado el compromiso de la Olavide con su entorno y ha afirmado que \u201ctenemos que ser capaces de poner nuestro conocimiento al servicio de la sociedad para transformarla, para mejorarla, y hacerla m\u00e1s justa, m\u00e1s solidaria\u201d.<\/p>\n<figure id=\"attachment_1614622\" aria-describedby=\"caption-attachment-1614622\" style=\"width: 320px\" class=\"wp-caption alignleft\"><a href=\"https:\/\/www.upo.es\/diario\/wp-content\/uploads\/2013\/09\/humboldt.jpg\"><img loading=\"lazy\" decoding=\"async\" class=\"size-medium wp-image-1614622\" alt=\"El embajador de Alemania, en el acto de inauguraci\u00f3n del Encuentro\" src=\"https:\/\/www.upo.es\/diario\/wp-content\/uploads\/2013\/09\/humboldt-320x213.jpg\" width=\"320\" height=\"213\" srcset=\"https:\/\/www.upo.es\/diario\/wp-content\/uploads\/2013\/09\/humboldt-320x213.jpg 320w, https:\/\/www.upo.es\/diario\/wp-content\/uploads\/2013\/09\/humboldt-1024x682.jpg 1024w, https:\/\/www.upo.es\/diario\/wp-content\/uploads\/2013\/09\/humboldt-600x400.jpg 600w\" sizes=\"auto, (max-width: 320px) 100vw, 320px\" \/><\/a><figcaption id=\"caption-attachment-1614622\" class=\"wp-caption-text\">El embajador de Alemania, en el acto de inauguraci\u00f3n del Encuentro<\/figcaption><\/figure>\n<p>El encuentro anual de la Asociaci\u00f3n Alexander von Humboldt de Espa\u00f1a re\u00fane desde hoy a relevantes profesores de nuestro pa\u00eds que forman parte de esta asociaci\u00f3n, quienes analizar\u00e1n \u201cLa gobernanza de la Universidad\u201d y los cambios que el Ministerio de Educaci\u00f3n quiere realizar en la misma. El encuentro est\u00e1 estructurado en conferencias y mesas redondas, y ma\u00f1ana viernes, a las 11:30 horas en el sal\u00f3n de grados del edificio 7 de la UPO, se celebrar\u00e1 una mesa redonda sobre la reforma de la Universidad en Espa\u00f1a, que contar\u00e1 con la participaci\u00f3n del secretario de Universidades del Ministerio de Educaci\u00f3n, Federico Mor\u00e1n; el rector de la Universidad de C\u00f3rdoba y presidente de la Asociaci\u00f3n de las Universidades P\u00fablicas Andaluzas (AUPA), Jos\u00e9 Manuel Rold\u00e1n; el rector de la UPO, Vicente Guzm\u00e1n; y el secretario general de Universidades de la Junta de Andaluc\u00eda, Francisco Triguero. La mesa redonda ser\u00e1 moderada por Santiago Garc\u00eda, catedr\u00e1tico em\u00e9rito de Pol\u00edtica Econ\u00f3mica de la Empresa de la Universidad de Alcal\u00e1 y presidente honorario de la Asociaci\u00f3n Alexander von Humboldt de Espa\u00f1a.<\/p>\n<p>Asimismo, el encuentro cuenta con la participaci\u00f3n de renombrados catedr\u00e1ticos como Vittoria Bors\u00f2, de la Universidad de Dusseldorf; V\u00edctor Moreno Catena, secretario de la Confederaci\u00f3n de Ministros de Justicia de Iberoam\u00e9rica y catedr\u00e1tico de Derecho Procesal de la Universidad Carlos III de Madrid; y Bartolom\u00e9 Yun Casalillas y Francisco Mu\u00f1oz Conde, de la Universidad Pablo de Olavide, de Sevilla, este \u00faltimo Premio Mutis-Humboldt 1999 en Ciencias Jur\u00eddicas.<\/p>\n<p>El comit\u00e9 organizador del evento est\u00e1 compuesto por los presidentes, el catedr\u00e1tico Juan Luis G\u00f3mez Colomer, de la Universidad Jaume I de Castell\u00f3n y presidente de la Asociaci\u00f3n Alexander von Humboldt de Espa\u00f1a, y el rector de la Universidad Pablo de Olavide, Vicente Guzm\u00e1n Fluja; los vocales, la profesora Pilar Rodr\u00edguez Reina, vicerrectora de Internacionalizaci\u00f3n y Comunicaci\u00f3n de la UPO; el profesor Jos\u00e9 Antonio Colmenero, secretario general de la UPO; el profesor Aurelio Serrano, del CSIC\/Universidad de Sevilla; el profesor Emilio Elizalde, de la IEEC\/CSIC Barcelona, y el profesor Jos\u00e9 Ignacio Valenzuela, de la Universidad de Valencia.<\/p>\n<p>La Asociaci\u00f3n Alexander von Humboldt de Espa\u00f1a <b>\u00a0<\/b>re\u00fane a todos los antiguos becarios y\u00a0 Premios Humboldt de la Fundaci\u00f3n Alexander von Humboldt, espa\u00f1oles o residentes en Espa\u00f1a, que deseen\u00a0 integrarse en la misma. La <a href=\"http:\/\/www.humboldt-foundation.de\/\">Fundaci\u00f3n Alexander von Humboldt<\/a> (Alexander von Humboldt Stiftung), que lleva el nombre del famoso naturalista y explorador alem\u00e1n, es una prestigiosa fundaci\u00f3n p\u00fablica alemana que tiene como fin fomentar la cooperaci\u00f3n internacional en materia de investigaci\u00f3n.<\/p>\n<p>Esta fundaci\u00f3n concedi\u00f3 en 1999 el Premio Mutis-Humboldt de Ciencias Jur\u00eddicas a Francisco Mu\u00f1oz Conde, primer jurista espa\u00f1ol en recibir este galard\u00f3n que anualmente concede la Fundaci\u00f3n Alexander von Humboldt en materia de investigaci\u00f3n en todos los \u00e1mbitos del saber.<\/p>\n<p><a href=\"http:\/\/www.upo.es\/upo_opencms\/export\/sites\/upo\/Galerias\/Descargas\/InfoEstudiantes\/Programa_XXII_Encuentro_Humboldt.pdf\">Programa del XXII Encuentro Anual de la Asociaci\u00f3n Alexander von Humboldt de Espa\u00f1a<\/a><\/p>\n","protected":false},"excerpt":{"rendered":"<p>El embajador de la Rep\u00fablica Federal de Alemania en Espa\u00f1a, Reinhard Silberberg; junto al  rector de la Universidad Pablo de Olavide de Sevilla, Vicente Guzm\u00e1n, ha inaugurado en el Paraninfo de la UPO el XXII Encuentro Anual de la Asociaci\u00f3n Alexander von Humboldt de Espa\u00f1a, que se desarrollar\u00e1 en la UPO hasta el 22 de septiembre. Tras el acto de apertura, ambos han descubierto la rotulaci\u00f3n del edificio 45 de la Universidad Pablo de Olavide, que a partir de ahora llevar\u00e1 el nombre del reputado naturalista y explorador alem\u00e1n Alexander von Humboldt.<\/p>\n","protected":false},"author":6,"featured_media":0,"comment_status":"closed","ping_status":"open","sticky":false,"template":"","format":"standard","meta":{"_monsterinsights_skip_tracking":false,"_monsterinsights_sitenote_active":false,"_monsterinsights_sitenote_note":"","_monsterinsights_sitenote_category":0,"footnotes":""},"categories":[6],"tags":[864,354,821,822,349,38,502,106],"class_list":["post-1614620","post","type-post","status-publish","format-standard","hentry","category-institucional","tag-alemania","tag-congreso","tag-encuentro","tag-humboldt","tag-inauguracion","tag-rector","tag-universidad","tag-vicente-c-guzman"],"_links":{"self":[{"href":"https:\/\/www.upo.es\/diario\/wp-json\/wp\/v2\/posts\/1614620","targetHints":{"allow":["GET"]}}],"collection":[{"href":"https:\/\/www.upo.es\/diario\/wp-json\/wp\/v2\/posts"}],"about":[{"href":"https:\/\/www.upo.es\/diario\/wp-json\/wp\/v2\/types\/post"}],"author":[{"embeddable":true,"href":"https:\/\/www.upo.es\/diario\/wp-json\/wp\/v2\/users\/6"}],"replies":[{"embeddable":true,"href":"https:\/\/www.upo.es\/diario\/wp-json\/wp\/v2\/comments?post=1614620"}],"version-history":[{"count":4,"href":"https:\/\/www.upo.es\/diario\/wp-json\/wp\/v2\/posts\/1614620\/revisions"}],"predecessor-version":[{"id":1614625,"href":"https:\/\/www.upo.es\/diario\/wp-json\/wp\/v2\/posts\/1614620\/revisions\/1614625"}],"wp:attachment":[{"href":"https:\/\/www.upo.es\/diario\/wp-json\/wp\/v2\/media?parent=1614620"}],"wp:term":[{"taxonomy":"category","embeddable":true,"href":"https:\/\/www.upo.es\/diario\/wp-json\/wp\/v2\/categories?post=1614620"},{"taxonomy":"post_tag","embeddable":true,"href":"https:\/\/www.upo.es\/diario\/wp-json\/wp\/v2\/tags?post=1614620"}],"curies":[{"name":"wp","href":"https:\/\/api.w.org\/{rel}","templated":true}]}}