{"id":16149117,"date":"2016-11-02T05:38:05","date_gmt":"2016-11-02T05:38:05","guid":{"rendered":"https:\/\/www.upo.es\/diario\/?p=16149117"},"modified":"2016-11-02T08:13:27","modified_gmt":"2016-11-02T08:13:27","slug":"musica-historia-y-linguistica-en-las-tardes-sefardies-de-la-universidad-pablo-de-olavide","status":"publish","type":"post","link":"https:\/\/www.upo.es\/diario\/institucional\/2016\/11\/musica-historia-y-linguistica-en-las-tardes-sefardies-de-la-universidad-pablo-de-olavide\/","title":{"rendered":"M\u00fasica, Historia y Ling\u00fc\u00edstica en las Tardes Sefard\u00edes de la Universidad Pablo de Olavide"},"content":{"rendered":"<p><a href=\"https:\/\/www.upo.es\/diario\/wp-content\/uploads\/2016\/10\/sefarad.jpg\"><img loading=\"lazy\" decoding=\"async\" class=\"alignright size-medium wp-image-16149118\" alt=\"sefarad\" src=\"https:\/\/www.upo.es\/diario\/wp-content\/uploads\/2016\/10\/sefarad-320x223.jpg\" width=\"320\" height=\"223\" srcset=\"https:\/\/www.upo.es\/diario\/wp-content\/uploads\/2016\/10\/sefarad-320x223.jpg 320w, https:\/\/www.upo.es\/diario\/wp-content\/uploads\/2016\/10\/sefarad-600x419.jpg 600w\" sizes=\"auto, (max-width: 320px) 100vw, 320px\" \/><\/a>Hoy mi\u00e9rcoles 2 de noviembre, a las 19.30 horas en el espacio sociocultural \u201cEl Entramado\u201d (edificio 42) de la UPO, vuelven las <b>\u201cTardes Sefard\u00edes\u201d en la Universidad Pablo de Olavide<\/b>, actividad cultural organizada por el colectivo Be Shepharad!, el Vicerrectorado de Cultura y Compromiso Social de esta universidad y el Seminario de Estudios del Holocausto-Sho\u00e1 y el Antisemitismo (LIPPO \u2013 UPO).<\/p>\n<p>As\u00ed, hoy mi\u00e9rcoles se celebrar\u00e1 la charla pr\u00e1ctica \u201c<b>De Sefarad a Oriente: El judeoespa\u00f1ol florece en Sal\u00f3nica y Estambul\u201d<\/b>, que ser\u00e1 impartida por el profesor de la Universidad de Sevilla Crist\u00f3bal Jos\u00e9 \u00c1lvarez, quien disertar\u00e1 sobre el judeoespa\u00f1ol y las canciones sefard\u00edes acompa\u00f1ado por la m\u00fasica de Pepa Rull. La entrada es gratuita hasta completar aforo.<\/p>\n<p>El objetivo de esta actividad es acercar a la comunidad universitaria el trabajo que en la direcci\u00f3n de recuperar, investigar, promover y difundir el legado y patrimonio hist\u00f3rico cultural judeoespa\u00f1ol y sefard\u00ed desarrolla el colectivo Be Shepharad!.<\/p>\n<p><b><a href=\"https:\/\/www.upo.es\/upsc\/extension_cultural\/agenda\/\">Agenda Servicio de Extensi\u00f3n Cultural de la UPO<\/a><\/b><\/p>\n","protected":false},"excerpt":{"rendered":"<p>Hoy mi\u00e9rcoles 2 de noviembre, a las 19.30 horas en el espacio sociocultural \u201cEl Entramado\u201d (edificio 42) de la UPO, vuelven las \u201cTardes Sefard\u00edes\u201d en la Universidad Pablo de Olavide, actividad cultural organizada por el colectivo Be Shepharad!, el Vicerrectorado de Cultura y Compromiso Social de esta universidad y el Seminario de Estudios del Holocausto-Sho\u00e1 y el Antisemitismo (LIPPO \u2013 UPO). <\/p>\n","protected":false},"author":2,"featured_media":0,"comment_status":"closed","ping_status":"open","sticky":false,"template":"","format":"standard","meta":{"_monsterinsights_skip_tracking":false,"_monsterinsights_sitenote_active":false,"_monsterinsights_sitenote_note":"","_monsterinsights_sitenote_category":0,"footnotes":""},"categories":[6],"tags":[901,5834,150,402,3340,3339],"class_list":["post-16149117","post","type-post","status-publish","format-standard","hentry","category-institucional","tag-charla","tag-cultura","tag-historia","tag-musica","tag-sefardi","tag-tertulia"],"_links":{"self":[{"href":"https:\/\/www.upo.es\/diario\/wp-json\/wp\/v2\/posts\/16149117","targetHints":{"allow":["GET"]}}],"collection":[{"href":"https:\/\/www.upo.es\/diario\/wp-json\/wp\/v2\/posts"}],"about":[{"href":"https:\/\/www.upo.es\/diario\/wp-json\/wp\/v2\/types\/post"}],"author":[{"embeddable":true,"href":"https:\/\/www.upo.es\/diario\/wp-json\/wp\/v2\/users\/2"}],"replies":[{"embeddable":true,"href":"https:\/\/www.upo.es\/diario\/wp-json\/wp\/v2\/comments?post=16149117"}],"version-history":[{"count":7,"href":"https:\/\/www.upo.es\/diario\/wp-json\/wp\/v2\/posts\/16149117\/revisions"}],"predecessor-version":[{"id":16184450,"href":"https:\/\/www.upo.es\/diario\/wp-json\/wp\/v2\/posts\/16149117\/revisions\/16184450"}],"wp:attachment":[{"href":"https:\/\/www.upo.es\/diario\/wp-json\/wp\/v2\/media?parent=16149117"}],"wp:term":[{"taxonomy":"category","embeddable":true,"href":"https:\/\/www.upo.es\/diario\/wp-json\/wp\/v2\/categories?post=16149117"},{"taxonomy":"post_tag","embeddable":true,"href":"https:\/\/www.upo.es\/diario\/wp-json\/wp\/v2\/tags?post=16149117"}],"curies":[{"name":"wp","href":"https:\/\/api.w.org\/{rel}","templated":true}]}}