{"id":16187610,"date":"2016-11-03T05:34:33","date_gmt":"2016-11-03T05:34:33","guid":{"rendered":"https:\/\/www.upo.es\/diario\/?p=16187610"},"modified":"2016-11-03T08:01:00","modified_gmt":"2016-11-03T08:01:00","slug":"el-museo-arqueologico-de-sevilla-acoge-el-coloquio-isis-en-italica-contexto-historico-y-religioso-organizado-por-el-area-de-historia-antigua-de-la-upo","status":"publish","type":"post","link":"https:\/\/www.upo.es\/diario\/institucional\/2016\/11\/el-museo-arqueologico-de-sevilla-acoge-el-coloquio-isis-en-italica-contexto-historico-y-religioso-organizado-por-el-area-de-historia-antigua-de-la-upo\/","title":{"rendered":"El Museo Arqueol\u00f3gico de Sevilla acoge el coloquio \u00abIsis en It\u00e1lica: Contexto hist\u00f3rico y religioso\u00bb organizado por el \u00c1rea de Historia Antigua de la UPO"},"content":{"rendered":"<p style=\"text-align: justify;\"><a href=\"https:\/\/www.upo.es\/diario\/wp-content\/uploads\/2016\/11\/Nota-prensa-ColoquioItalica-1.jpg\"><img loading=\"lazy\" decoding=\"async\" class=\"alignright size-medium wp-image-16187612\" alt=\"Microsoft Word - Nota prensa ColoquioItalica.doc\" src=\"https:\/\/www.upo.es\/diario\/wp-content\/uploads\/2016\/11\/Nota-prensa-ColoquioItalica-1-320x236.jpg\" width=\"320\" height=\"236\" srcset=\"https:\/\/www.upo.es\/diario\/wp-content\/uploads\/2016\/11\/Nota-prensa-ColoquioItalica-1-320x236.jpg 320w, https:\/\/www.upo.es\/diario\/wp-content\/uploads\/2016\/11\/Nota-prensa-ColoquioItalica-1-600x444.jpg 600w, https:\/\/www.upo.es\/diario\/wp-content\/uploads\/2016\/11\/Nota-prensa-ColoquioItalica-1.jpg 1873w\" sizes=\"auto, (max-width: 320px) 100vw, 320px\" \/><\/a>Hoy jueves 3 de noviembre, a las 9.00 horas en el Museo Arqueol\u00f3gico de Sevilla, dar\u00e1 comienzo el <b>coloquio \u201cIsis en It\u00e1lica: Contexto hist\u00f3rico y religioso\u201d<\/b>, organizado por el \u00c1rea de Historia Antigua de la Universidad Pablo de Olavide con la colaboraci\u00f3n del Museo Arqueol\u00f3gico de Sevilla y el Conjunto Arqueol\u00f3gico de It\u00e1lica.<\/p>\n<p style=\"text-align: justify;\">El coloquio, que se celebra los d\u00edas 2 y 3 de noviembre, ser\u00e1 inaugurado por la directora del Museo Arqueol\u00f3gico de Sevilla, Ana D. Navarro, el director del Conjunto Arqueol\u00f3gico de It\u00e1lica, Antonio P\u00e9rez Paz. y los profesores y organizadores Elena Mu\u00f1iz Grijalvo de la Universidad Pablo de Olavide y Jaime Alvar de la Universidad Carlos III.<\/p>\n<p style=\"text-align: justify;\">El objetivo principal del coloquio es proporcionar una interpretaci\u00f3n hist\u00f3rica a los recientes hallazgos arqueol\u00f3gicos que se han producido en la <i>porticus post scaenam<\/i> del teatro de la ciudad romana de It\u00e1lica. En dicho p\u00f3rtico fue localizado a finales de los a\u00f1os 80 un templete edificado para albergar el culto a la diosa Isis. Dos d\u00e9cadas despu\u00e9s, las nuevas excavaciones en el \u00e1rea del teatro pusieron de manifiesto las verdaderas dimensiones del santuario a la diosa Isis, que probablemente comprend\u00eda la totalidad del p\u00f3rtico y algunas zonas en sus inmediaciones.<\/p>\n<p style=\"text-align: justify;\">El culto a la diosa Isis constituy\u00f3 un fen\u00f3meno religioso de extraordinario inter\u00e9s en el contexto religioso del Imperio Romano, que proporciona una primera v\u00eda de aproximaci\u00f3n al santuario de Isis en It\u00e1lica. La diosa Isis y las divinidades que integraban el pante\u00f3n greco-egipcio protagonizaron un movimiento religioso plagado de matices y de significados que resultan esenciales para adentrarse en el estudio de las religiones del Mediterr\u00e1neo grecorromano. A ello se a\u00f1ade una segunda perspectiva que estar\u00e1 muy presente en el coloquio: el v\u00ednculo entre las divinidades greco-egipcias y los emperadores romanos, y en especial con el emperador Adriano, impulsor de la ampliaci\u00f3n de la ciudad de It\u00e1lica en el siglo II d.C.<\/p>\n<p style=\"text-align: justify;\">El coloquio contar\u00e1 con la presencia de algunos de los estudiosos m\u00e1s destacados en el \u00e1mbito de los estudios is\u00edacos, tales como Ram\u00f3n Corzo S\u00e1nchez de la Universidad de Sevilla, Ant\u00f3n Alvar Nu\u00f1o de la Universidad Carlos III,\u00a0 Valentino Gasparini de la Universit\u00e4t Erfurt, Laurent Bricault de la Universit\u00e9 de Toulouse 2 y Elena Calandra del Istituto Centrale per l\u00b4Archeologia\u00a0 entre otros, para generar un debate cient\u00edfico y extraer conclusiones en torno a la interpretaci\u00f3n del santuario de Isis en It\u00e1lica.<\/p>\n<p style=\"text-align: justify;\"><b><a href=\"https:\/\/www.upo.es\/export\/portal\/com\/bin\/portal\/fhum\/noticias\/Workshop_ISIS_IN_ITALICA\/1477548681517_isis_in_italica.pdf\">Programa Coloquio \u201cIsis en It\u00e1lica: Contexto hist\u00f3rico y religioso\u201d<\/a><\/b><\/p>\n","protected":false},"excerpt":{"rendered":"<p>El objetivo principal del coloquio es proporcionar una interpretaci\u00f3n hist\u00f3rica a los recientes hallazgos arqueol\u00f3gicos que se han producido en la porticus post scaenam del teatro de la ciudad romana de It\u00e1lica. En dicho p\u00f3rtico fue localizado a finales de los a\u00f1os 80 un templete edificado para albergar el culto a la diosa Isis. <\/p>\n","protected":false},"author":4,"featured_media":0,"comment_status":"closed","ping_status":"open","sticky":false,"template":"","format":"standard","meta":{"_monsterinsights_skip_tracking":false,"_monsterinsights_sitenote_active":false,"_monsterinsights_sitenote_note":"","_monsterinsights_sitenote_category":0,"footnotes":""},"categories":[6],"tags":[3656,603,3657,3655],"class_list":["post-16187610","post","type-post","status-publish","format-standard","hentry","category-institucional","tag-area-de-historia-antigua","tag-coloquio","tag-italica","tag-museo-arqueologico-de-sevilla"],"_links":{"self":[{"href":"https:\/\/www.upo.es\/diario\/wp-json\/wp\/v2\/posts\/16187610","targetHints":{"allow":["GET"]}}],"collection":[{"href":"https:\/\/www.upo.es\/diario\/wp-json\/wp\/v2\/posts"}],"about":[{"href":"https:\/\/www.upo.es\/diario\/wp-json\/wp\/v2\/types\/post"}],"author":[{"embeddable":true,"href":"https:\/\/www.upo.es\/diario\/wp-json\/wp\/v2\/users\/4"}],"replies":[{"embeddable":true,"href":"https:\/\/www.upo.es\/diario\/wp-json\/wp\/v2\/comments?post=16187610"}],"version-history":[{"count":3,"href":"https:\/\/www.upo.es\/diario\/wp-json\/wp\/v2\/posts\/16187610\/revisions"}],"predecessor-version":[{"id":16203351,"href":"https:\/\/www.upo.es\/diario\/wp-json\/wp\/v2\/posts\/16187610\/revisions\/16203351"}],"wp:attachment":[{"href":"https:\/\/www.upo.es\/diario\/wp-json\/wp\/v2\/media?parent=16187610"}],"wp:term":[{"taxonomy":"category","embeddable":true,"href":"https:\/\/www.upo.es\/diario\/wp-json\/wp\/v2\/categories?post=16187610"},{"taxonomy":"post_tag","embeddable":true,"href":"https:\/\/www.upo.es\/diario\/wp-json\/wp\/v2\/tags?post=16187610"}],"curies":[{"name":"wp","href":"https:\/\/api.w.org\/{rel}","templated":true}]}}