{"id":16207328,"date":"2016-11-03T13:41:40","date_gmt":"2016-11-03T13:41:40","guid":{"rendered":"https:\/\/www.upo.es\/diario\/?p=16207328"},"modified":"2016-11-09T11:18:15","modified_gmt":"2016-11-09T11:18:15","slug":"en-defensa-del-sistema-universitario-publico-andaluz","status":"publish","type":"post","link":"https:\/\/www.upo.es\/diario\/institucional\/2016\/11\/en-defensa-del-sistema-universitario-publico-andaluz\/","title":{"rendered":"En defensa del Sistema Universitario P\u00fablico Andaluz"},"content":{"rendered":"<figure id=\"attachment_16207334\" aria-describedby=\"caption-attachment-16207334\" style=\"width: 320px\" class=\"wp-caption alignright\"><a href=\"https:\/\/www.upo.es\/diario\/wp-content\/uploads\/2016\/11\/Reunion-AUPA-Cadiz.jpg\"><img loading=\"lazy\" decoding=\"async\" class=\"size-medium wp-image-16207334\" alt=\"Los Rectores y la Rectora de las Universidades P\u00fablicas Andaluzas se han reunido en C\u00e1diz\" src=\"https:\/\/www.upo.es\/diario\/wp-content\/uploads\/2016\/11\/Reunion-AUPA-Cadiz-320x213.jpg\" width=\"320\" height=\"213\" srcset=\"https:\/\/www.upo.es\/diario\/wp-content\/uploads\/2016\/11\/Reunion-AUPA-Cadiz-320x213.jpg 320w, https:\/\/www.upo.es\/diario\/wp-content\/uploads\/2016\/11\/Reunion-AUPA-Cadiz-600x399.jpg 600w, https:\/\/www.upo.es\/diario\/wp-content\/uploads\/2016\/11\/Reunion-AUPA-Cadiz.jpg 1760w\" sizes=\"auto, (max-width: 320px) 100vw, 320px\" \/><\/a><figcaption id=\"caption-attachment-16207334\" class=\"wp-caption-text\">Los Rectores y la Rectora de las Universidades P\u00fablicas Andaluzas se han reunido en C\u00e1diz<\/figcaption><\/figure>\n<p>Los Rectores y la Rectora de las diez Universidades P\u00fablicas Andaluzas quieren compartir con la ciudadan\u00eda andaluza sus inquietudes y reflexiones sobre la funci\u00f3n social y sostenibilidad de nuestro sistema p\u00fablico de universidades.<\/p>\n<p>Seg\u00fan todos los estados de opini\u00f3n e indicadores conocidos, las Universidades P\u00fablicas Andaluzas son una herramienta fundamental para el desarrollo social y econ\u00f3mico de nuestra regi\u00f3n. La formaci\u00f3n de calidad genera profesionales altamente cualificados que contribuyen a la mejora del sistema productivo, mientras que la investigaci\u00f3n de excelencia y la transferencia de sus resultados inciden directamente en la capacidad de innovaci\u00f3n de nuestra regi\u00f3n.<\/p>\n<p>Actualmente, alrededor de 250.000 estudiantes se est\u00e1n formando en nuestras universidades y m\u00e1s de 30.000 investigadores e investigadoras trabajan en proyectos en las diferentes ramas del conocimiento con una alta tasa de transferencia a los diferentes sectores sociales y productivos, contribuyendo a la creaci\u00f3n de empresas a trav\u00e9s de los propios programas universitarios.<\/p>\n<p>Estos datos ponen de manifiesto la potencialidad y la capacidad del mayor sistema universitario p\u00fablico de Espa\u00f1a para hacer de Andaluc\u00eda una regi\u00f3n m\u00e1s pr\u00f3spera, m\u00e1s competitiva y con un futuro mejor.<\/p>\n<p>Los Rectores y la Rectora, leg\u00edtimos representantes de sus comunidades universitarias y responsables de la sostenibilidad y adecuado desarrollo de sus universidades, en el ejercicio de su compromiso de rendir cuentas a la sociedad, \u00a0quieren compartir su profunda preocupaci\u00f3n ante las dificultades a las que nos enfrentamos desde hace ya algunos a\u00f1os para seguir manteniendo la calidad del servicio p\u00fablico que prestan a la ciudadan\u00eda.<\/p>\n<p>En este sentido, en los \u00faltimos siete a\u00f1os el presupuesto global de las universidades p\u00fablicas andaluzas ha descendido un 10%, principalmente\u00a0 en el cap\u00edtulo de investigaci\u00f3n. En 2016, el presupuesto de la Comunidad aut\u00f3noma Andaluza destinaba 1.454 millones de euros a la financiaci\u00f3n del Sistema Universitario P\u00fablico Andaluz, el 0,97% del PIB estimado, lejos a\u00fan de la media nacional (1,3%).<\/p>\n<p>Los pr\u00f3ximos presupuestos se desarrollar\u00e1n en el marco de un nuevo modelo de financiaci\u00f3n que deber\u00eda garantizar la correcci\u00f3n de los desequilibrios generados por el anterior. En este sentido, los Rectores y la Rectora solicitamos el inicio de un periodo de an\u00e1lisis conjunto que permita alcanzar un acuerdo que garantice la sostenibilidad y equidad del Sistema en t\u00e9rminos plurianuales. \u00c9ste deber\u00eda incluir, como paso previo, la liquidaci\u00f3n de la deuda pendiente y el desarrollo de un procedimiento que permita el desbloqueo de las transferencias no ejecutadas de investigaci\u00f3n de hace m\u00e1s una d\u00e9cada, con una soluci\u00f3n semejante a la arbitrada para las entidades locales, as\u00ed como la garant\u00eda del desarrollo de pol\u00edticas activas de investigaci\u00f3n.<\/p>\n<p>En relaci\u00f3n al proyecto de presupuestos andaluces para 2017 remitido por el Ejecutivo auton\u00f3mico al Parlamento de Andaluc\u00eda la semana pasada, el presupuesto destinado a las universidades p\u00fablicas andaluzas experimenta un incremento del 1,06%, claramente inferior a la subida de hasta el 14% observada en otras consejer\u00edas. Es preocupante que las universidades no tengan la misma consideraci\u00f3n que el resto del sistema educativo p\u00fablico andaluz (3,8% de incremento en Educaci\u00f3n).<\/p>\n<p>Toda esta merma incide directamente en la calidad de las funciones que tenemos encomendadas y que dif\u00edcilmente podremos mantener si persisten los criterios de financiaci\u00f3n actuales.<\/p>\n<p>Por todo ello, queremos manifestar nuestra inquietud y pedimos al Gobierno andaluz un compromiso claro con la Universidades P\u00fablicas de Andaluc\u00eda que vaya m\u00e1s all\u00e1 de las palabras. Al mismo tiempo, queremos reiterar nuestra colaboraci\u00f3n y nuestro deseo de seguir trabajando juntos en aras de la mejora y del fortalecimiento de Sistema P\u00fablico de Universidades al servicio de nuestra Comunidad Aut\u00f3noma y de su ciudadan\u00eda.<\/p>\n<p>&gt; <a href=\"https:\/\/www.upo.es\/diario\/wp-content\/uploads\/2016\/11\/03Noviembre_ComunicadoAUPA_EndefensadelSistemaUniversitarioPublicoAndaluz.pdf\" target=\"_blank\">En defensa del Sistema Universitario P\u00fablico Andaluz -Comunicado en PDF-<\/a><\/p>\n<p>&nbsp;<\/p>\n","protected":false},"excerpt":{"rendered":"<p>Comunicado de las Universidades P\u00fablicas Andaluzas sobre la funci\u00f3n social y sostenibilidad de nuestro sistema p\u00fablico de universidades.<\/p>\n","protected":false},"author":6,"featured_media":0,"comment_status":"closed","ping_status":"open","sticky":false,"template":"","format":"standard","meta":{"_monsterinsights_skip_tracking":false,"_monsterinsights_sitenote_active":false,"_monsterinsights_sitenote_note":"","_monsterinsights_sitenote_category":0,"footnotes":""},"categories":[6],"tags":[190,37,144,21,874,38,832,39],"class_list":["post-16207328","post","type-post","status-publish","format-standard","hentry","category-institucional","tag-andalucia","tag-comunicado","tag-crisis","tag-estudiantes","tag-financiacion","tag-rector","tag-sostenibilidad","tag-universidades"],"_links":{"self":[{"href":"https:\/\/www.upo.es\/diario\/wp-json\/wp\/v2\/posts\/16207328","targetHints":{"allow":["GET"]}}],"collection":[{"href":"https:\/\/www.upo.es\/diario\/wp-json\/wp\/v2\/posts"}],"about":[{"href":"https:\/\/www.upo.es\/diario\/wp-json\/wp\/v2\/types\/post"}],"author":[{"embeddable":true,"href":"https:\/\/www.upo.es\/diario\/wp-json\/wp\/v2\/users\/6"}],"replies":[{"embeddable":true,"href":"https:\/\/www.upo.es\/diario\/wp-json\/wp\/v2\/comments?post=16207328"}],"version-history":[{"count":10,"href":"https:\/\/www.upo.es\/diario\/wp-json\/wp\/v2\/posts\/16207328\/revisions"}],"predecessor-version":[{"id":16322221,"href":"https:\/\/www.upo.es\/diario\/wp-json\/wp\/v2\/posts\/16207328\/revisions\/16322221"}],"wp:attachment":[{"href":"https:\/\/www.upo.es\/diario\/wp-json\/wp\/v2\/media?parent=16207328"}],"wp:term":[{"taxonomy":"category","embeddable":true,"href":"https:\/\/www.upo.es\/diario\/wp-json\/wp\/v2\/categories?post=16207328"},{"taxonomy":"post_tag","embeddable":true,"href":"https:\/\/www.upo.es\/diario\/wp-json\/wp\/v2\/tags?post=16207328"}],"curies":[{"name":"wp","href":"https:\/\/api.w.org\/{rel}","templated":true}]}}