{"id":16225498,"date":"2016-11-04T11:28:59","date_gmt":"2016-11-04T11:28:59","guid":{"rendered":"https:\/\/www.upo.es\/diario\/?p=16225498"},"modified":"2016-11-04T11:50:47","modified_gmt":"2016-11-04T11:50:47","slug":"la-diputacion-de-sevilla-y-la-universidad-pablo-de-olavide-forman-a-121-personas-en-mediacion","status":"publish","type":"post","link":"https:\/\/www.upo.es\/diario\/institucional\/2016\/11\/la-diputacion-de-sevilla-y-la-universidad-pablo-de-olavide-forman-a-121-personas-en-mediacion\/","title":{"rendered":"La Diputaci\u00f3n de Sevilla y la Universidad Pablo de Olavide forman a 121 personas en mediaci\u00f3n"},"content":{"rendered":"<figure id=\"attachment_16225499\" aria-describedby=\"caption-attachment-16225499\" style=\"width: 600px\" class=\"wp-caption aligncenter\"><a href=\"https:\/\/www.upo.es\/diario\/wp-content\/uploads\/2016\/11\/mediacion_diputacion.jpg\"><img loading=\"lazy\" decoding=\"async\" class=\"size-large wp-image-16225499\" alt=\"En la imagen, de izquierda a derecha, la diputada del \u00c1rea de Cohesi\u00f3n Social e Igualdad de la  Diputaci\u00f3n Lidia Ferrera, el rector de la UPO Vicente Guzm\u00e1n, el presidente de la Diputaci\u00f3n de Sevilla Fernando Rodr\u00edguez Villalobos, y Pilar Calatayud gerente de la fundaci\u00f3n p\u00fablica Mediara.\" src=\"https:\/\/www.upo.es\/diario\/wp-content\/uploads\/2016\/11\/mediacion_diputacion-600x399.jpg\" width=\"600\" height=\"399\" srcset=\"https:\/\/www.upo.es\/diario\/wp-content\/uploads\/2016\/11\/mediacion_diputacion-600x399.jpg 600w, https:\/\/www.upo.es\/diario\/wp-content\/uploads\/2016\/11\/mediacion_diputacion-320x213.jpg 320w, https:\/\/www.upo.es\/diario\/wp-content\/uploads\/2016\/11\/mediacion_diputacion.jpg 1821w\" sizes=\"auto, (max-width: 600px) 100vw, 600px\" \/><\/a><figcaption id=\"caption-attachment-16225499\" class=\"wp-caption-text\">En la imagen, de izquierda a derecha, la diputada del \u00c1rea de Cohesi\u00f3n Social e Igualdad de la Diputaci\u00f3n Lidia Ferrera, el rector de la UPO Vicente Guzm\u00e1n, el presidente de la Diputaci\u00f3n de Sevilla Fernando Rodr\u00edguez Villalobos, y Pilar Calatayud gerente de la fundaci\u00f3n p\u00fablica Mediara.<\/figcaption><\/figure>\n<p>El presidente de la Diputaci\u00f3n de Sevilla, Fernando Rodr\u00edguez Villalobos, y el rector de la UPO, Vicente Guzm\u00e1n, han inaugurado la tercera y cuarta edici\u00f3n del <b>curso de Experto Universitario en Mediaci\u00f3n Familiar, Civil, Mercantil y Comunitaria<\/b>.<\/p>\n<p>Sesenta y cinco alumnos ser\u00e1n formados en esta edici\u00f3n que, junto a los participantes de ediciones anteriores, ser\u00e1n 121 los profesionales en mediaci\u00f3n que trabajar\u00e1n en 89 municipios menores de veinte mil habitantes para tratar de resolver los conflictos de la poblaci\u00f3n a trav\u00e9s de la Mediaci\u00f3n sin tener que acudir a la v\u00eda judicial.<\/p>\n<p>Desde el a\u00f1o 2009 la <a href=\"http:\/\/www.dipusevilla.es\/\">Diputaci\u00f3n de Sevilla<\/a>\u00a0viene realizando actuaciones de mediaci\u00f3n y resoluci\u00f3n espec\u00edfica de conflictos. En 2014, tras un acuerdo con la Junta de Andaluc\u00eda, puso en marcha el Programa de Mediaci\u00f3n Comunitaria y Convivencia, y con la colaboraci\u00f3n de la UPO se realizan los cursos de Expertos en Mediaci\u00f3n.<\/p>\n","protected":false},"excerpt":{"rendered":"<p>El presidente de la Diputaci\u00f3n de Sevilla, Fernando Rodr\u00edguez Villalobos, y el rector de la UPO, Vicente Guzm\u00e1n, han inaugurado la tercera y cuarta edici\u00f3n del curso de Experto Universitario en Mediaci\u00f3n Familiar, Civil, Mercantil y Comunitaria. <\/p>\n","protected":false},"author":2,"featured_media":0,"comment_status":"closed","ping_status":"open","sticky":false,"template":"","format":"standard","meta":{"_monsterinsights_skip_tracking":false,"_monsterinsights_sitenote_active":false,"_monsterinsights_sitenote_note":"","_monsterinsights_sitenote_category":0,"footnotes":""},"categories":[6],"tags":[141,327,3666,157,38],"class_list":["post-16225498","post","type-post","status-publish","format-standard","hentry","category-institucional","tag-curso","tag-diputacion","tag-experto-universitario","tag-mediacion","tag-rector"],"_links":{"self":[{"href":"https:\/\/www.upo.es\/diario\/wp-json\/wp\/v2\/posts\/16225498","targetHints":{"allow":["GET"]}}],"collection":[{"href":"https:\/\/www.upo.es\/diario\/wp-json\/wp\/v2\/posts"}],"about":[{"href":"https:\/\/www.upo.es\/diario\/wp-json\/wp\/v2\/types\/post"}],"author":[{"embeddable":true,"href":"https:\/\/www.upo.es\/diario\/wp-json\/wp\/v2\/users\/2"}],"replies":[{"embeddable":true,"href":"https:\/\/www.upo.es\/diario\/wp-json\/wp\/v2\/comments?post=16225498"}],"version-history":[{"count":3,"href":"https:\/\/www.upo.es\/diario\/wp-json\/wp\/v2\/posts\/16225498\/revisions"}],"predecessor-version":[{"id":16225501,"href":"https:\/\/www.upo.es\/diario\/wp-json\/wp\/v2\/posts\/16225498\/revisions\/16225501"}],"wp:attachment":[{"href":"https:\/\/www.upo.es\/diario\/wp-json\/wp\/v2\/media?parent=16225498"}],"wp:term":[{"taxonomy":"category","embeddable":true,"href":"https:\/\/www.upo.es\/diario\/wp-json\/wp\/v2\/categories?post=16225498"},{"taxonomy":"post_tag","embeddable":true,"href":"https:\/\/www.upo.es\/diario\/wp-json\/wp\/v2\/tags?post=16225498"}],"curies":[{"name":"wp","href":"https:\/\/api.w.org\/{rel}","templated":true}]}}