{"id":16227873,"date":"2016-11-04T13:16:32","date_gmt":"2016-11-04T13:16:32","guid":{"rendered":"https:\/\/www.upo.es\/diario\/?p=16227873"},"modified":"2016-11-07T08:17:00","modified_gmt":"2016-11-07T08:17:00","slug":"la-universidad-pablo-de-olavide-celebra-del-7-al-20-de-noviembre-su-xvi-semana-de-la-ciencia","status":"publish","type":"post","link":"https:\/\/www.upo.es\/diario\/ciencia\/2016\/11\/la-universidad-pablo-de-olavide-celebra-del-7-al-20-de-noviembre-su-xvi-semana-de-la-ciencia\/","title":{"rendered":"La Universidad Pablo de Olavide celebra del 7 al 20 de noviembre su XVI Semana de la Ciencia"},"content":{"rendered":"<p><a href=\"https:\/\/www.upo.es\/diario\/wp-content\/uploads\/2016\/11\/SemanaCiencia2016_cartel-300-1.png\"><img loading=\"lazy\" decoding=\"async\" class=\"alignright size-full wp-image-16280760\" alt=\"SemanaCiencia2016_cartel-300 (1)\" src=\"https:\/\/www.upo.es\/diario\/wp-content\/uploads\/2016\/11\/SemanaCiencia2016_cartel-300-1.png\" width=\"300\" height=\"305\" \/><\/a>La Universidad Pablo de Olavide celebrar\u00e1 del 7 al 20 de noviembre la <a href=\"https:\/\/www.upo.es\/semanadelaciencia\/\">XVI Semana de la Ciencia<\/a>, el mayor evento divulgativo a nivel europeo con el que se pretende acercar a la sociedad una imagen distinta y cercana de la investigaci\u00f3n. As\u00ed, la UPO abrir\u00e1 sus puertas la pr\u00f3xima semana un total de 353 estudiantes de Primaria, Secundaria, Bachillerato y Ciclos Formativos que podr\u00e1n participar en actividades en laboratorios, experimentos y charlas con la presencia de 28 investigadores de esta universidad y de profesionales de asociaciones cient\u00edficas.<\/p>\n<p>Para ello, la <a href=\"http:\/\/www.upo.es\/otri\/portada\">Oficina de Transferencia de Resultados de Investigaci\u00f3n<\/a> (OTRI) del Vicerrectorado de Investigaci\u00f3n y Transferencia de Tecnolog\u00eda de la UPO ha organizado numerosas actividades que se desarrollar\u00e1n a lo largo de dos semanas en esta universidad. Estas actividades se llevar\u00e1n a cabo gracias a la colaboraci\u00f3n del <a href=\"http:\/\/www.cabd.es\/\">Centro Andaluz de Biolog\u00eda del Desarrollo<\/a> (CABD), \u00a0la <a href=\"http:\/\/caminosyciencia.com\/\">Asociaci\u00f3n Caminos y Ciencia<\/a>, el equipo iGEM-UPO, la Coordinaci\u00f3n de Pol\u00edtica Ambiental de la UPO, la <a href=\"https:\/\/fundaciondescubre.es\/\">Fundaci\u00f3n Descubre<\/a> y numerosos \u00a0investigadores de los departamentos de Biolog\u00eda Molecular e Ingenier\u00eda Bioqu\u00edmica; Sociolog\u00eda; Fisiolog\u00eda, Anatom\u00eda y Biolog\u00eda Celular; Sistemas F\u00edsicos, Qu\u00edmicos y Naturales; Educaci\u00f3n y Psicolog\u00eda Social; Antropolog\u00eda Social, Psicolog\u00eda B\u00e1sica y Salud P\u00fablica; y Derecho P\u00fablico.<\/p>\n<p>Los estudiantes podr\u00e1n participar de esta manera en alguno de los cinco <b>talleres<\/b> programados para disfrutar la ciencia. Para esta edici\u00f3n, la UPO propone los talleres pr\u00e1cticos de \u201cLos \u00e1rboles y el cambio clim\u00e1tico\u201d, \u201cLos organismos modelo en el laboratorio: C\u00f3mo utilizar <i>C. elegans<\/i> para estudiar el sentido del olfato\u201d, \u201cCapacidades y Bienestar en la infancia y la adolescencia \u00bfCu\u00e1les son las oportunidades m\u00e1s importantes que una persona de tu edad deber\u00eda tener para poder disfrutar de una buena vida?\u201d, \u201cLegumbres, mucho m\u00e1s que un alimento\u201d, y \u201cAprendizaje-Servicio como herramienta para consolidar aprendizajes reales vinculados a la pr\u00e1ctica y fomentar el compromiso social\u201d.<\/p>\n<p>Por otra parte, en la actividad <b>Caf\u00e9 con Ciencia<\/b>, los estudiantes asistir\u00e1n a charlas con cient\u00edficos de la UPO sobre temas tan diversos como la gen\u00e9tica, biolog\u00eda, la neurociencia, la ecolog\u00eda, la salud, la pol\u00edtica o la educaci\u00f3n. Caf\u00e9 con Ciencia es una iniciativa de la <a href=\"https:\/\/fundaciondescubre.es\/\">Fundaci\u00f3n Descubre<\/a>, en colaboraci\u00f3n con las principales entidades de investigaci\u00f3n y divulgaci\u00f3n de la regi\u00f3n.<\/p>\n<p>Tambi\u00e9n el <b>Centro Andaluz de Biolog\u00eda del Desarrollo<\/b> (centro mixto de la UPO, el CSIC y la Junta de Andaluc\u00eda) se sumar\u00e1 un a\u00f1o m\u00e1s a la Semana de la Ciencia abriendo sus puertas y ofreciendo a los j\u00f3venes la oportunidad de experimentar en sus laboratorios.<\/p>\n<p><b><a href=\"https:\/\/www.upo.es\/semanadelaciencia\/programa\/\">PROGRAMA XVI SEMANA DE LA CIENCIA DE LA UPO<\/a><\/b><b>\u00a0 \u00a0 \u00a0 \u00a0 \u00a0\u00a0<\/b><\/p>\n<p>&nbsp;<\/p>\n<p>&nbsp;<\/p>\n","protected":false},"excerpt":{"rendered":"<p>La Universidad Pablo de Olavide celebrar\u00e1 del 7 al 20 de noviembre la XVI Semana de la Ciencia, el mayor evento divulgativo a nivel europeo con el que se pretende acercar a la sociedad una imagen distinta y cercana de la investigaci\u00f3n. As\u00ed, la UPO abrir\u00e1 sus puertas la pr\u00f3xima semana un total de 353 estudiantes de Primaria, Secundaria, Bachillerato y Ciclos Formativos que podr\u00e1n participar en actividades en laboratorios, experimentos y charlas con la presencia de 28 investigadores de esta universidad y de profesionales de asociaciones cient\u00edficas.<\/p>\n","protected":false},"author":2,"featured_media":0,"comment_status":"closed","ping_status":"open","sticky":false,"template":"","format":"standard","meta":{"_monsterinsights_skip_tracking":false,"_monsterinsights_sitenote_active":false,"_monsterinsights_sitenote_note":"","_monsterinsights_sitenote_category":0,"footnotes":""},"categories":[3],"tags":[1783,5833,970,21,734,83,3669,1382,969],"class_list":["post-16227873","post","type-post","status-publish","format-standard","hentry","category-ciencia","tag-ciclos-formativos","tag-ciencia","tag-divulgacion","tag-estudiantes","tag-investigadores","tag-otri","tag-primaria","tag-secundaria","tag-semana-de-la-ciencia"],"_links":{"self":[{"href":"https:\/\/www.upo.es\/diario\/wp-json\/wp\/v2\/posts\/16227873","targetHints":{"allow":["GET"]}}],"collection":[{"href":"https:\/\/www.upo.es\/diario\/wp-json\/wp\/v2\/posts"}],"about":[{"href":"https:\/\/www.upo.es\/diario\/wp-json\/wp\/v2\/types\/post"}],"author":[{"embeddable":true,"href":"https:\/\/www.upo.es\/diario\/wp-json\/wp\/v2\/users\/2"}],"replies":[{"embeddable":true,"href":"https:\/\/www.upo.es\/diario\/wp-json\/wp\/v2\/comments?post=16227873"}],"version-history":[{"count":4,"href":"https:\/\/www.upo.es\/diario\/wp-json\/wp\/v2\/posts\/16227873\/revisions"}],"predecessor-version":[{"id":16280761,"href":"https:\/\/www.upo.es\/diario\/wp-json\/wp\/v2\/posts\/16227873\/revisions\/16280761"}],"wp:attachment":[{"href":"https:\/\/www.upo.es\/diario\/wp-json\/wp\/v2\/media?parent=16227873"}],"wp:term":[{"taxonomy":"category","embeddable":true,"href":"https:\/\/www.upo.es\/diario\/wp-json\/wp\/v2\/categories?post=16227873"},{"taxonomy":"post_tag","embeddable":true,"href":"https:\/\/www.upo.es\/diario\/wp-json\/wp\/v2\/tags?post=16227873"}],"curies":[{"name":"wp","href":"https:\/\/api.w.org\/{rel}","templated":true}]}}