{"id":16284755,"date":"2016-11-08T04:17:29","date_gmt":"2016-11-08T04:17:29","guid":{"rendered":"https:\/\/www.upo.es\/diario\/?p=16284755"},"modified":"2016-11-08T07:58:02","modified_gmt":"2016-11-08T07:58:02","slug":"manana-comienza-la-iv-edicion-del-master-universitario-en-consultoria-y-auditoria-laboral-de-la-upo","status":"publish","type":"post","link":"https:\/\/www.upo.es\/diario\/docencia-formacion\/2016\/11\/manana-comienza-la-iv-edicion-del-master-universitario-en-consultoria-y-auditoria-laboral-de-la-upo\/","title":{"rendered":"Esta tarde comienza la IV edici\u00f3n del m\u00e1ster universitario en Consultor\u00eda y Auditor\u00eda Laboral de la UPO"},"content":{"rendered":"<p style=\"text-align: justify;\"><a href=\"https:\/\/www.upo.es\/diario\/wp-content\/uploads\/2016\/11\/CONSULTORIA-Y-AUDITORIA.jpg\"><img loading=\"lazy\" decoding=\"async\" class=\"alignright size-medium wp-image-16284756\" alt=\"CONSULTORIA-Y-AUDITORIA\" src=\"https:\/\/www.upo.es\/diario\/wp-content\/uploads\/2016\/11\/CONSULTORIA-Y-AUDITORIA-320x294.jpg\" width=\"320\" height=\"294\" srcset=\"https:\/\/www.upo.es\/diario\/wp-content\/uploads\/2016\/11\/CONSULTORIA-Y-AUDITORIA-320x294.jpg 320w, https:\/\/www.upo.es\/diario\/wp-content\/uploads\/2016\/11\/CONSULTORIA-Y-AUDITORIA-600x551.jpg 600w\" sizes=\"auto, (max-width: 320px) 100vw, 320px\" \/><\/a>Hoy martes, a las 16.30 horas en la sala de grados del edificio 7 de la Universidad Pablo de Olavide, comenzar\u00e1 la cuarta edici\u00f3n del M\u00e1ster Universitario en Consultor\u00eda y Auditor\u00eda Laboral con la lecci\u00f3n inaugural \u201cAspectos actuales en la funci\u00f3n de la Inspecci\u00f3n de Trabajo y Seguridad Social\u201d impartida por V\u00edctor de Santos S\u00e1nchez, director territorial de la Inspecci\u00f3n de Trabajo y de la Seguridad Social de Andaluc\u00eda.<\/p>\n<p style=\"text-align: justify;\">El acto estar\u00e1 presidido por el vicerrector de Postgrado y Formaci\u00f3n Permanente, Miguel \u00c1ngel Gual Font, y el director del m\u00e1ster, Santiago Gonz\u00e1lez Ortega, catedr\u00e1tico de Derecho del Trabajo y de la Seguridad Social de la UPO.<\/p>\n<p style=\"text-align: justify;\"><a href=\"https:\/\/www.upo.es\/postgrado\/Master-Oficial-Consultoria-y-Auditoria-Laboral\">El m\u00e1ster universitario en Consultor\u00eda y Auditor\u00eda Laboral<\/a> de la Universidad Pablo de Olavide capacita para el ejercicio profesional de las actividades de consultor\u00eda en materias relacionadas con el \u00e1mbito jur\u00eddico laboral y de seguridad social, y para la profesi\u00f3n de auditor laboral y de seguridad social. Con una docencia basada en la adquisici\u00f3n de conceptos pr\u00e1cticos mediante clases participativas en las sesiones presenciales, que se acompa\u00f1an de sesiones virtuales en algunas asignaturas o m\u00f3dulos, el presente M\u00e1ster consta de dos itinerarios formativos, que ofrecen una capacitaci\u00f3n profesionalizante o investigadora.<\/p>\n","protected":false},"excerpt":{"rendered":"<p>Hoy martes, 8 de noviembre, a las 16.30 horas en la sala de grados del edificio 7 de la Universidad Pablo de Olavide, comenzar\u00e1 la cuarta edici\u00f3n del M\u00e1ster Universitario en Consultor\u00eda y Auditor\u00eda Laboral con la lecci\u00f3n inaugural \u201cAspectos actuales en la funci\u00f3n de la Inspecci\u00f3n de Trabajo y Seguridad Social\u201d impartida por V\u00edctor de Santos S\u00e1nchez, director territorial de la Inspecci\u00f3n de Trabajo y de la Seguridad Social de Andaluc\u00eda. <\/p>\n","protected":false},"author":4,"featured_media":0,"comment_status":"closed","ping_status":"open","sticky":false,"template":"","format":"standard","meta":{"_monsterinsights_skip_tracking":false,"_monsterinsights_sitenote_active":false,"_monsterinsights_sitenote_note":"","_monsterinsights_sitenote_category":0,"footnotes":""},"categories":[2779],"tags":[614,3670,2742,82,439],"class_list":["post-16284755","post","type-post","status-publish","format-standard","hentry","category-docencia-formacion","tag-cedep","tag-inspeccion-de-trabajo","tag-master-en-consultoria-y-auditoria-laboral","tag-postgrado","tag-seguridad-social"],"_links":{"self":[{"href":"https:\/\/www.upo.es\/diario\/wp-json\/wp\/v2\/posts\/16284755","targetHints":{"allow":["GET"]}}],"collection":[{"href":"https:\/\/www.upo.es\/diario\/wp-json\/wp\/v2\/posts"}],"about":[{"href":"https:\/\/www.upo.es\/diario\/wp-json\/wp\/v2\/types\/post"}],"author":[{"embeddable":true,"href":"https:\/\/www.upo.es\/diario\/wp-json\/wp\/v2\/users\/4"}],"replies":[{"embeddable":true,"href":"https:\/\/www.upo.es\/diario\/wp-json\/wp\/v2\/comments?post=16284755"}],"version-history":[{"count":4,"href":"https:\/\/www.upo.es\/diario\/wp-json\/wp\/v2\/posts\/16284755\/revisions"}],"predecessor-version":[{"id":16300625,"href":"https:\/\/www.upo.es\/diario\/wp-json\/wp\/v2\/posts\/16284755\/revisions\/16300625"}],"wp:attachment":[{"href":"https:\/\/www.upo.es\/diario\/wp-json\/wp\/v2\/media?parent=16284755"}],"wp:term":[{"taxonomy":"category","embeddable":true,"href":"https:\/\/www.upo.es\/diario\/wp-json\/wp\/v2\/categories?post=16284755"},{"taxonomy":"post_tag","embeddable":true,"href":"https:\/\/www.upo.es\/diario\/wp-json\/wp\/v2\/tags?post=16284755"}],"curies":[{"name":"wp","href":"https:\/\/api.w.org\/{rel}","templated":true}]}}