{"id":16320607,"date":"2016-11-08T18:00:32","date_gmt":"2016-11-08T18:00:32","guid":{"rendered":"https:\/\/www.upo.es\/diario\/?p=16320607"},"modified":"2016-11-09T09:04:49","modified_gmt":"2016-11-09T09:04:49","slug":"comienza-en-la-universidad-pablo-de-olavide-la-segunda-edicion-del-programa-emprendevirus","status":"publish","type":"post","link":"https:\/\/www.upo.es\/diario\/institucional\/2016\/11\/comienza-en-la-universidad-pablo-de-olavide-la-segunda-edicion-del-programa-emprendevirus\/","title":{"rendered":"Comienza en la Universidad Pablo de Olavide la segunda edici\u00f3n del programa Emprendevirus"},"content":{"rendered":"<figure id=\"attachment_16320608\" aria-describedby=\"caption-attachment-16320608\" style=\"width: 600px\" class=\"wp-caption aligncenter\"><a href=\"https:\/\/www.upo.es\/diario\/wp-content\/uploads\/2016\/11\/IMG_7158.jpg\"><img loading=\"lazy\" decoding=\"async\" class=\"size-large wp-image-16320608\" alt=\"El vicerrector de Estrategia, Empleabilidad y Emprendimiento, Jos\u00e9 Manuel Feria, ha recibido a la estudiantes.\" src=\"https:\/\/www.upo.es\/diario\/wp-content\/uploads\/2016\/11\/IMG_7158-600x400.jpg\" width=\"600\" height=\"400\" srcset=\"https:\/\/www.upo.es\/diario\/wp-content\/uploads\/2016\/11\/IMG_7158-600x400.jpg 600w, https:\/\/www.upo.es\/diario\/wp-content\/uploads\/2016\/11\/IMG_7158-320x213.jpg 320w\" sizes=\"auto, (max-width: 600px) 100vw, 600px\" \/><\/a><figcaption id=\"caption-attachment-16320608\" class=\"wp-caption-text\">El vicerrector de Estrategia, Empleabilidad y Emprendimiento, Jos\u00e9 Manuel Feria, ha recibido a la estudiantes.<\/figcaption><\/figure>\n<p style=\"text-align: justify;\">Esta tarde comienza en la Universidad Pablo de Olavide la segunda edici\u00f3n del programa Emprendevirus, una iniciativa en la que participar\u00e1n 30 estudiantes y cuyo principal objetivo es contribuir a la detecci\u00f3n temprana de emprendedores universitarios, impulsando la formaci\u00f3n de equipos multidisciplinares integrados por j\u00f3venes estudiantes que inician sus estudios de Grado en la UPO.<\/p>\n<p style=\"text-align: justify;\">Este programa, impulsado desde el Vicerrectorado de Estrategia, Empleabilidad y Emprendimiento con la colaboraci\u00f3n de Grupo Hesp\u00e9rides Biotech, <i>spin-off<\/i> de dicha universidad, y coordinado por el \u00c1rea de Empleabilidad y Emprendimiento de la Fundaci\u00f3n Universidad Pablo de Olavide, se desarrollar\u00e1 a trav\u00e9s de un programa formativo espec\u00edfico dirigido al alumnado participante y en el que se abordar\u00e1n los principales aspectos a tener en cuenta a la hora de crear una empresa, as\u00ed como las competencias necesarias para ser un buen emprendedor.<\/p>\n<p style=\"text-align: justify;\">Del total de estudiantes que asisten a esta primera sesi\u00f3n, el 70 por ciento son alumnos de primer curso, mientras que el 30 por ciento restante, son de segundo. De entre ellos, hay 22 chicas y ocho chicos y al menos cuatro de ellos cuentan con una idea de negocio previa. Por titulaciones, destaca el Grado de Biotecnolog\u00eda con doce estudiantes y el Grado de Derecho con ocho, si bien hay estudiantes de Administraci\u00f3n y Direcci\u00f3n de Empresas, An\u00e1lisis Econ\u00f3mico, Ciencias de la Actividad F\u00edsica y el Deporte y Nutrici\u00f3n Humana y Diet\u00e9tica.<\/p>\n<p style=\"text-align: justify;\">Esta actividad formativa tendr\u00e1 una duraci\u00f3n total de 16 horas, de las cuales 10 horas ser\u00e1n presenciales y seis horas estimadas de trabajo no presencial. Las pr\u00f3ximas jornadas se desarrollar\u00e1n los d\u00edas 14, 22 y 29 de noviembre en el aula B.09 del Edificio 45 y en ellas, se reflexionar\u00e1 sobre qu\u00e9 es y qu\u00e9 supone emprender; los beneficios que aporta el emprendimiento a la sociedad; se realizar\u00e1 una presentaci\u00f3n del caso \u2018Hesp\u00e9rides\u2019; se analizar\u00e1n los aspectos clave para la creaci\u00f3n de cualquier empresa y los principales hitos a cumplir; la figura del emprendedor; la importancia de la idea y de un buen plan de negocio, as\u00ed como los instrumentos de apoyo a iniciativas empresariales de la comunidad universitaria.<\/p>\n<p style=\"text-align: justify;\">Asimismo, durante las sesiones se expondr\u00e1n varios casos de j\u00f3venes emprendedores exitosos, as\u00ed como diversos talleres relacionados con la generaci\u00f3n de ideas innovadoras, la maduraci\u00f3n de tales ideas en equipos de trabajo, el desarrollo de modelos de negocio, la realizaci\u00f3n de un \u201cmini-plan de empresa\u201d o el trabajo de los roles. En la \u00faltima sesi\u00f3n, que se desarrollar\u00e1 el 29 de noviembre, se expondr\u00e1n y discutir\u00e1n las ideas surgidas de los distintos equipos con el resto de compa\u00f1eros del programa.<\/p>\n<p style=\"text-align: justify;\">Adem\u00e1s, las mejores iniciativas empresariales que emanen de este programa podr\u00e1n competir en la IX edici\u00f3n del Concurso de Ideas y Proyectos Empresariales de la UPO, en la categor\u00eda \u201cEmprendevirus\u201d dise\u00f1ada a tal efecto y con acceso preferente al programa formativo de este concurso si as\u00ed lo solicitan.<\/p>\n<p>&nbsp;<\/p>\n","protected":false},"excerpt":{"rendered":"<p>Comienza la segunda edici\u00f3n del programa Emprendevirus, una iniciativa en la que participar\u00e1n 30 estudiantes y cuyo principal objetivo es contribuir a la detecci\u00f3n temprana de emprendedores universitarios, impulsando la formaci\u00f3n de equipos multidisciplinares integrados por j\u00f3venes estudiantes que inician sus estudios de Grado en la UPO. <\/p>\n","protected":false},"author":4,"featured_media":0,"comment_status":"closed","ping_status":"open","sticky":false,"template":"","format":"standard","meta":{"_monsterinsights_skip_tracking":false,"_monsterinsights_sitenote_active":false,"_monsterinsights_sitenote_note":"","_monsterinsights_sitenote_category":0,"footnotes":""},"categories":[6],"tags":[3674,396,2474,167,3437],"class_list":["post-16320607","post","type-post","status-publish","format-standard","hentry","category-institucional","tag-concurso-de-ideas-y-proyectos-empresariales","tag-emprendevirus","tag-fundacion-universidad-pablo-de-olavide","tag-grupo-hesperides","tag-vicerrectorado-de-estrategia-empleabilidad-y-emprendimiento"],"_links":{"self":[{"href":"https:\/\/www.upo.es\/diario\/wp-json\/wp\/v2\/posts\/16320607","targetHints":{"allow":["GET"]}}],"collection":[{"href":"https:\/\/www.upo.es\/diario\/wp-json\/wp\/v2\/posts"}],"about":[{"href":"https:\/\/www.upo.es\/diario\/wp-json\/wp\/v2\/types\/post"}],"author":[{"embeddable":true,"href":"https:\/\/www.upo.es\/diario\/wp-json\/wp\/v2\/users\/4"}],"replies":[{"embeddable":true,"href":"https:\/\/www.upo.es\/diario\/wp-json\/wp\/v2\/comments?post=16320607"}],"version-history":[{"count":2,"href":"https:\/\/www.upo.es\/diario\/wp-json\/wp\/v2\/posts\/16320607\/revisions"}],"predecessor-version":[{"id":16320610,"href":"https:\/\/www.upo.es\/diario\/wp-json\/wp\/v2\/posts\/16320607\/revisions\/16320610"}],"wp:attachment":[{"href":"https:\/\/www.upo.es\/diario\/wp-json\/wp\/v2\/media?parent=16320607"}],"wp:term":[{"taxonomy":"category","embeddable":true,"href":"https:\/\/www.upo.es\/diario\/wp-json\/wp\/v2\/categories?post=16320607"},{"taxonomy":"post_tag","embeddable":true,"href":"https:\/\/www.upo.es\/diario\/wp-json\/wp\/v2\/tags?post=16320607"}],"curies":[{"name":"wp","href":"https:\/\/api.w.org\/{rel}","templated":true}]}}