{"id":16419791,"date":"2016-11-14T10:18:13","date_gmt":"2016-11-14T10:18:13","guid":{"rendered":"https:\/\/www.upo.es\/diario\/?p=16419791"},"modified":"2016-11-14T12:48:45","modified_gmt":"2016-11-14T12:48:45","slug":"esta-tarde-se-clausura-en-la-upo-la-vii-edicion-del-master-en-sistemas-integrados-de-gestion","status":"publish","type":"post","link":"https:\/\/www.upo.es\/diario\/docencia-formacion\/2016\/11\/esta-tarde-se-clausura-en-la-upo-la-vii-edicion-del-master-en-sistemas-integrados-de-gestion\/","title":{"rendered":"Esta tarde se clausura en la UPO la VII edici\u00f3n del M\u00e1ster en Sistemas Integrados de Gesti\u00f3n"},"content":{"rendered":"<p>La Universidad Pablo de Olavide clausura esta tarde, 14 de noviembre, la<strong> VII edici\u00f3n del M\u00e1ster en Sistemas Integrados de Gesti\u00f3n: Calidad y Medio Ambiente<\/strong>, con una clase magistral impartida por el responsable de Servicios Generales de Emasesa, <strong>Jos\u00e9 Antonio Rom\u00e1n Begines<\/strong>. Este acto tendr\u00e1 lugar<strong> en la sala de prensa del Rectorado de la Universidad Pablo de Olavide a partir de las 19,00 horas<\/strong>.<\/p>\n<p>A continuaci\u00f3n tendr\u00e1 lugar una mesa redonda adem\u00e1s de Jos\u00e9 Antonio Rom\u00e1n participar\u00e1n el jefe de Calidad y Sistema Integrado de Gesti\u00f3n de EMSAESA,\u00a0<strong>Miguel \u00c1ngel Ambrosio Rodr\u00edguez<\/strong>\u00a0y el director acad\u00e9mico del M\u00e1ster,\u00a0<strong>V\u00edctor A. Ba\u00f1uls Silvera<\/strong>.<\/p>\n<p>El M\u00e1ster en Sistemas Integrados de Gesti\u00f3n es un t\u00edtulo propio de la UPO, gestionado por el \u00c1rea de Formaci\u00f3n Permanente de la Fundaci\u00f3n Universidad Pablo de Olavide, cuya octava edici\u00f3n comenzar\u00e1 el pr\u00f3ximo jueves, y que se ha convertido, seg\u00fan se\u00f1ala su director acad\u00e9mico, V\u00edctor Ba\u00f1uls, en una de las referencias formativas a nivel andaluz en el \u00e1mbito de la gesti\u00f3n de la calidad, el medio ambiente y la seguridad.<\/p>\n<p>Con la edici\u00f3n actual, son m\u00e1s de 115 alumnos los que se han formado en esta materia, un m\u00e1ster que se esfuerza por mantener actualizados los contenidos desde un punto de vista pr\u00e1ctico. Adem\u00e1s, m\u00e1s de 40 empresas colaboran con esta formaci\u00f3n mediante convenios educativos, lo que permite fomentar la integraci\u00f3n entre universidad y empresa y ofrece a los alumnos la posibilidad de acceder a pr\u00e1cticas profesionales.<\/p>\n<p>En el M\u00e1ster, que se imparte en modalidad semipresencial, la carga lectiva se reparte entre contenidos te\u00f3ricos y pr\u00e1cticos cuyo objetivo principal es formar de modo adecuado a profesionales en el \u00e1mbito de los Sistemas Integrados de Gesti\u00f3n. Este t\u00edtulo aborda principalmente la gesti\u00f3n empresarial, los sistemas de gesti\u00f3n de la calidad, de gesti\u00f3n ambiental y la seguridad y se dirige fundamentalmente a profesionales que han cursado con anterioridad el grado o licenciatura de Empresariales, Ciencias Ambientales, Ciencias del Trabajo, Ingenier\u00eda, Qu\u00edmica o Veterinaria, entre otras.<\/p>\n<p>Adem\u00e1s, el M\u00e1ster cuenta con la incorporaci\u00f3n en el equipo t\u00e9cnico de la spin-off denominada MSIG Smart Management, cuya sede se sit\u00faa en el Centro de Investigaci\u00f3n Josefa Amar de la UPO y cuyo objetivo es fomentar la empleabilidad entre los alumnos.<\/p>\n<p>&nbsp;<\/p>\n","protected":false},"excerpt":{"rendered":"<p>La Universidad Pablo de Olavide clausura esta tarde, 14 de noviembre, la VII edici\u00f3n del M\u00e1ster en Sistemas Integrados de Gesti\u00f3n: Calidad y Medio Ambiente, con una clase magistral impartida por el responsable de Servicios Generales de Emasesa, Jos\u00e9 Antonio Rom\u00e1n Begines.  Este acto tendr\u00e1 lugar en la sala de prensa del Rectorado de la Universidad Pablo de Olavide a partir de las 19,00 horas.<\/p>\n","protected":false},"author":6,"featured_media":0,"comment_status":"closed","ping_status":"open","sticky":false,"template":"","format":"standard","meta":{"_monsterinsights_skip_tracking":false,"_monsterinsights_sitenote_active":false,"_monsterinsights_sitenote_note":"","_monsterinsights_sitenote_category":0,"footnotes":""},"categories":[2779],"tags":[740,463,227,328,1410,118,429,1320],"class_list":["post-16419791","post","type-post","status-publish","format-standard","hentry","category-docencia-formacion","tag-calidad","tag-clausura","tag-conferencia","tag-formacion-permanente","tag-gestion","tag-master","tag-medio-ambiente","tag-titulos-propios"],"_links":{"self":[{"href":"https:\/\/www.upo.es\/diario\/wp-json\/wp\/v2\/posts\/16419791","targetHints":{"allow":["GET"]}}],"collection":[{"href":"https:\/\/www.upo.es\/diario\/wp-json\/wp\/v2\/posts"}],"about":[{"href":"https:\/\/www.upo.es\/diario\/wp-json\/wp\/v2\/types\/post"}],"author":[{"embeddable":true,"href":"https:\/\/www.upo.es\/diario\/wp-json\/wp\/v2\/users\/6"}],"replies":[{"embeddable":true,"href":"https:\/\/www.upo.es\/diario\/wp-json\/wp\/v2\/comments?post=16419791"}],"version-history":[{"count":6,"href":"https:\/\/www.upo.es\/diario\/wp-json\/wp\/v2\/posts\/16419791\/revisions"}],"predecessor-version":[{"id":16421415,"href":"https:\/\/www.upo.es\/diario\/wp-json\/wp\/v2\/posts\/16419791\/revisions\/16421415"}],"wp:attachment":[{"href":"https:\/\/www.upo.es\/diario\/wp-json\/wp\/v2\/media?parent=16419791"}],"wp:term":[{"taxonomy":"category","embeddable":true,"href":"https:\/\/www.upo.es\/diario\/wp-json\/wp\/v2\/categories?post=16419791"},{"taxonomy":"post_tag","embeddable":true,"href":"https:\/\/www.upo.es\/diario\/wp-json\/wp\/v2\/tags?post=16419791"}],"curies":[{"name":"wp","href":"https:\/\/api.w.org\/{rel}","templated":true}]}}