{"id":16421412,"date":"2016-11-15T13:24:51","date_gmt":"2016-11-15T13:24:51","guid":{"rendered":"https:\/\/www.upo.es\/diario\/?p=16421412"},"modified":"2016-11-15T14:29:51","modified_gmt":"2016-11-15T14:29:51","slug":"manana-en-la-upo-conferencia-de-alberto-penades-de-la-cruz-sobre-el-sistema-electoral","status":"publish","type":"post","link":"https:\/\/www.upo.es\/diario\/docencia-formacion\/2016\/11\/manana-en-la-upo-conferencia-de-alberto-penades-de-la-cruz-sobre-el-sistema-electoral\/","title":{"rendered":"Esta tarde en la UPO, conferencia de Alberto Penad\u00e9s de la Cruz sobre el sistema electoral"},"content":{"rendered":"<figure id=\"attachment_16422218\" aria-describedby=\"caption-attachment-16422218\" style=\"width: 320px\" class=\"wp-caption alignright\"><a href=\"https:\/\/www.upo.es\/diario\/wp-content\/uploads\/2016\/11\/Penades_de_la_Cruz.jpg\"><img loading=\"lazy\" decoding=\"async\" class=\"size-medium wp-image-16422218\" alt=\"El profesor Alberto Penad\u00e9s de la Cruz\" src=\"https:\/\/www.upo.es\/diario\/wp-content\/uploads\/2016\/11\/Penades_de_la_Cruz-320x320.jpg\" width=\"320\" height=\"320\" srcset=\"https:\/\/www.upo.es\/diario\/wp-content\/uploads\/2016\/11\/Penades_de_la_Cruz-320x320.jpg 320w, https:\/\/www.upo.es\/diario\/wp-content\/uploads\/2016\/11\/Penades_de_la_Cruz-150x150.jpg 150w, https:\/\/www.upo.es\/diario\/wp-content\/uploads\/2016\/11\/Penades_de_la_Cruz-600x600.jpg 600w, https:\/\/www.upo.es\/diario\/wp-content\/uploads\/2016\/11\/Penades_de_la_Cruz.jpg 656w\" sizes=\"auto, (max-width: 320px) 100vw, 320px\" \/><\/a><figcaption id=\"caption-attachment-16422218\" class=\"wp-caption-text\">El profesor Alberto Penad\u00e9s de la Cruz<\/figcaption><\/figure>\n<p style=\"text-align: justify;\"><span style=\"text-decoration: underline;\">Hoy martes 15 de noviembre, a las 18 horas en el aula B04 del edificio 45 de la Universidad Pablo de Olavide<\/span>, Alberto Penad\u00e9s de la Cruz, profesor del Departamento de Sociolog\u00eda y Comunicaci\u00f3n de la Universidad de Salamanca, ofrecer\u00e1 la conferencia <strong>\u201cQu\u00e9 queremos, qu\u00e9 obtenemos y qu\u00e9 hace el sistema electoral por nosotros\u201d<\/strong>. Este encuentro tendr\u00e1 lugar en el marco del ciclo de conferencias \u00c1gora, organizado por el <a href=\"https:\/\/www.upo.es\/postgrado\/Master-Oficial-Sociedad-Administracion-y-Politica\">M\u00e1ster Universitario Sociedad, Administraci\u00f3n y Pol\u00edtica.<\/a><\/p>\n<p style=\"text-align: justify;\">En esta conferencia, Alberto Pen\u00e1d\u00e9s abordar\u00e1 el sistema electoral desde las tres cuestiones que interviene: el equilibrio entre la gobernabilidad y la representaci\u00f3n, la selecci\u00f3n de los pol\u00edticos y la representaci\u00f3n territorial. El sistema espa\u00f1ol est\u00e1 cerca de un justo medio en lo primero, es extremo para lo segundo, no permitiendo ninguna intervenci\u00f3n de los ciudadanos en la selecci\u00f3n de personal; e induce un sesgo pol\u00edtico conservador y centralista. Lo deseable es mantener el equilibrio en lo que funciona, aumentar la intervenci\u00f3n en la selecci\u00f3n de personal, y modificar el esquema de representaci\u00f3n para eliminar el privilegio del interior rural sobre la periferia urbana.<\/p>\n<p style=\"text-align: justify;\"><b>Alberto Penad\u00e9s de la Cruz <\/b>eslicenciado en Filosof\u00eda por la Universidad Complutense de Madrid. Esprofesor titular en el Departamento de Sociolog\u00eda y Comunicaci\u00f3n de la Universidad de Salamanca. Fue consejero t\u00e9cnico en el Centro de Investigaciones Sociol\u00f3gicas (2008-10), e investigador visitante en el Centro de Investigaci\u00f3n y Docencia Econ\u00f3micas (M\u00e9xico, 2012) en la Universidad de Columbia (2007) y en la Universidad de Nueva York (2003); Doctor en Ciencia Pol\u00edtica por la Universidad Aut\u00f3noma de Madrid, y doctor miembro del Instituto Juan March (2000); M.A Ciencias Sociales, Instituto Juan March, CEACS (1994); M.Phil Teor\u00eda Pol\u00edtica y Filosof\u00eda, Glasgow (1992). Sus \u00e1reas de inter\u00e9s profesional son la pol\u00edtica comparada, los estudios electorales, la teor\u00eda pol\u00edtica y la sociolog\u00eda anal\u00edtica.<\/p>\n<p style=\"text-align: justify;\">La conferencia de Alberto Penad\u00e9s de la Cruz forma parte del ciclo de ponencias presentadas en el <span style=\"text-decoration: underline;\">M\u00e1ster Universitario Sociedad, Administraci\u00f3n y Pol\u00edtica<\/span> (MUSAP) de la UPO, que tiene como objetivo analizar los problemas sociopol\u00edticos actuales derivados de las relaciones cambiantes entre la pol\u00edtica, la administraci\u00f3n y una sociedad en transformaci\u00f3n continua. De este modo, el m\u00f3dulo \u00c1gora es un espacio de deliberaci\u00f3n p\u00fablica en el que acad\u00e9micos de prestigio ofrecen sus reflexiones sobre aspectos relevantes y actuales de la vida social y pol\u00edtica.<\/p>\n<p>&nbsp;<\/p>\n","protected":false},"excerpt":{"rendered":"<p>El profesor Alberto Penad\u00e9s de la Cruz, del Departamento de Sociolog\u00eda y Comunicaci\u00f3n de la Universidad de Salamanca imparte la conferencia \u00abQu\u00e9 queremos, qu\u00e9 obtenemos y qu\u00e9 hace el sistema electoral por nosotros\u00bb en el marco del ciclo de conferencias \u00c1gora, organizado por el M\u00e1ster Universitario Sociedad, Administraci\u00f3n y Pol\u00edtica de la Universidad Pablo de Olavide.<\/p>\n","protected":false},"author":4,"featured_media":0,"comment_status":"closed","ping_status":"open","sticky":false,"template":"","format":"standard","meta":{"_monsterinsights_skip_tracking":false,"_monsterinsights_sitenote_active":false,"_monsterinsights_sitenote_note":"","_monsterinsights_sitenote_category":0,"footnotes":""},"categories":[2779],"tags":[85,227,1267,663,82,3685],"class_list":["post-16421412","post","type-post","status-publish","format-standard","hentry","category-docencia-formacion","tag-agora","tag-conferencia","tag-master-sociedad-administracion-y-politica","tag-musap","tag-postgrado","tag-sistema-electoral"],"_links":{"self":[{"href":"https:\/\/www.upo.es\/diario\/wp-json\/wp\/v2\/posts\/16421412","targetHints":{"allow":["GET"]}}],"collection":[{"href":"https:\/\/www.upo.es\/diario\/wp-json\/wp\/v2\/posts"}],"about":[{"href":"https:\/\/www.upo.es\/diario\/wp-json\/wp\/v2\/types\/post"}],"author":[{"embeddable":true,"href":"https:\/\/www.upo.es\/diario\/wp-json\/wp\/v2\/users\/4"}],"replies":[{"embeddable":true,"href":"https:\/\/www.upo.es\/diario\/wp-json\/wp\/v2\/comments?post=16421412"}],"version-history":[{"count":7,"href":"https:\/\/www.upo.es\/diario\/wp-json\/wp\/v2\/posts\/16421412\/revisions"}],"predecessor-version":[{"id":16443091,"href":"https:\/\/www.upo.es\/diario\/wp-json\/wp\/v2\/posts\/16421412\/revisions\/16443091"}],"wp:attachment":[{"href":"https:\/\/www.upo.es\/diario\/wp-json\/wp\/v2\/media?parent=16421412"}],"wp:term":[{"taxonomy":"category","embeddable":true,"href":"https:\/\/www.upo.es\/diario\/wp-json\/wp\/v2\/categories?post=16421412"},{"taxonomy":"post_tag","embeddable":true,"href":"https:\/\/www.upo.es\/diario\/wp-json\/wp\/v2\/tags?post=16421412"}],"curies":[{"name":"wp","href":"https:\/\/api.w.org\/{rel}","templated":true}]}}