{"id":16443089,"date":"2016-11-16T00:01:15","date_gmt":"2016-11-15T23:01:15","guid":{"rendered":"https:\/\/www.upo.es\/diario\/?p=16443089"},"modified":"2020-10-27T16:51:08","modified_gmt":"2020-10-27T15:51:08","slug":"manana-se-celebra-el-iii-encuentro-internacional-entre-la-universidad-pablo-de-olavide-y-el-cuerpo-consular-de-sevilla","status":"publish","type":"post","link":"https:\/\/www.upo.es\/diario\/institucional\/2016\/11\/manana-se-celebra-el-iii-encuentro-internacional-entre-la-universidad-pablo-de-olavide-y-el-cuerpo-consular-de-sevilla\/","title":{"rendered":"Ma\u00f1ana se celebra el III Encuentro Internacional entre la Universidad Pablo de Olavide y el Cuerpo Consular de Sevilla"},"content":{"rendered":"<p style=\"text-align: justify;\">Ma\u00f1ana mi\u00e9rcoles 16 de noviembre, a las 11:30 horas en el Consulado de Portugal, se celebrar\u00e1 el <b>III Encuentro Internacional Universidad Pablo de Olavide- Asociaci\u00f3n Cuerpo Consular de Sevilla<\/b>, que reunir\u00e1 a los c\u00f3nsules en Sevilla de un total de 20 pa\u00edses y que estar\u00e1 presidido por el rector de la UPO Vicente Guzm\u00e1n Fluja; Jorge Monteiro, c\u00f3nsul general de Portugal en Sevilla; Juan Espadas Cejas, alcalde del Ayuntamiento de Sevilla; Julio Azancot Y\u00e1nez, presidente de la Asociaci\u00f3n del Cuerpo Consular de Sevilla, y Pilar Rodr\u00edguez Reina, vicerrectora de Relaciones Institucionales y Comunicaci\u00f3n de la UPO.<\/p>\n<p style=\"text-align: justify;\">A este encuentro, concebido como reuni\u00f3n de trabajo y puesta en com\u00fan de las realidades de ambas instituciones, que abra l\u00edneas de colaboraci\u00f3n rec\u00edproca, despeje dudas y sirva para compartir inquietudes y estrechar lazos, asistir\u00e1n, adem\u00e1s del presidente de la Asociaci\u00f3n del Cuerpo Consular de Sevilla y c\u00f3nsul honorario de Uruguay, Julio Azancot Y\u00e1nez, y el c\u00f3nsul general de Portugal en Sevilla, Jorge Monteiro, los c\u00f3nsules de Ruman\u00eda, Radu C\u0103t\u0103lin Mardare; Filipinas, Jos\u00e9 Ignacio Bid\u00f3n y Vigil de Qui\u00f1ones; Irlanda, Ignacio de la Oliva Agull\u00f3; Guatemala, Benjam\u00edn Mu\u00f1oz Zamora; Suecia, Carlos Montesa Kaijser; Costa de Marfil, Jes\u00fas Mej\u00edas Begines; Cuba, Alejandro Castro Medina; Panam\u00e1, Francisco Jos\u00e9 Gandullo Guerra; Malta, Francisco Mesonero Fern\u00e1ndez de C\u00f3rdoba; Ecuador, H\u00e9ctor Salgado Rodr\u00edguez; Pa\u00edses Bajos, Jos\u00e9 Tob\u00edas Lerga Paz; Reino Unido de Gran Breta\u00f1a e Irlanda del Norte, Joe Cooper; Colombia, Luc\u00eda Madri\u00f1\u00e1n Saa; Francia, Didier Maze, acompa\u00f1ado de la agregada Cultural y Cooperaci\u00f3n Educativa, Marie-Christine Rivi\u00e8re; Per\u00fa, Luc\u00eda Trindade de Buitr\u00f3n; Rusia, Esther Morell Garc\u00eda; Luxemburgo, Jacqueline Brasseur; Corea del Sur, Francisco Herrero Maldonado, y Sultanato de Om\u00e1n en Espa\u00f1a, Ana Mar\u00eda de Lara.<\/p>\n<p style=\"text-align: justify;\">Asimismo, participar\u00e1n en este encuentro internacional miembros del equipo de gobierno, responsables de los centros educativos, jefes de \u00e1reas implicadas y algunos otros miembros de la comunidad universitaria de la UPO.<\/p>\n<p style=\"text-align: justify;\">En el marco de este encuentro, el rector, Vicente Guzm\u00e1n Fluja, y el presidente de la Asociaci\u00f3n del Cuerpo Consular de Sevilla, Julio Azancot Y\u00e1nez, suscribir\u00e1n un convenio marco de colaboraci\u00f3n entre ambas instituciones.<\/p>\n<p>&nbsp;<\/p>\n","protected":false},"excerpt":{"rendered":"<p>Ma\u00f1ana mi\u00e9rcoles 16 de noviembre, a las 11:30 horas en el Consulado de Portugal, se celebrar\u00e1 el III Encuentro Internacional Universidad Pablo de Olavide- Asociaci\u00f3n Cuerpo Consular de Sevilla, que reunir\u00e1 a los c\u00f3nsules en Sevilla de un total de 20 pa\u00edses y que estar\u00e1 presidido por el rector de la UPO Vicente Guzm\u00e1n Fluja; Jorge Monteiro, c\u00f3nsul general de Portugal en Sevilla; Juan Espadas Cejas, alcalde del Ayuntamiento de Sevilla; Julio Azancot Y\u00e1nez, presidente de la Asociaci\u00f3n del Cuerpo Consular de Sevilla, y Pilar Rodr\u00edguez Reina, vicerrectora de Relaciones Institucionales y Comunicaci\u00f3n de la UPO. <\/p>\n","protected":false},"author":4,"featured_media":0,"comment_status":"closed","ping_status":"open","sticky":false,"template":"","format":"standard","meta":{"_monsterinsights_skip_tracking":false,"_monsterinsights_sitenote_active":false,"_monsterinsights_sitenote_note":"","_monsterinsights_sitenote_category":0,"footnotes":""},"categories":[6],"tags":[3688,326,3687,38],"class_list":["post-16443089","post","type-post","status-publish","format-standard","hentry","category-institucional","tag-asociacion-cuerpo-consular-de-sevilla","tag-convenio","tag-encuentro-internacional","tag-rector"],"_links":{"self":[{"href":"https:\/\/www.upo.es\/diario\/wp-json\/wp\/v2\/posts\/16443089","targetHints":{"allow":["GET"]}}],"collection":[{"href":"https:\/\/www.upo.es\/diario\/wp-json\/wp\/v2\/posts"}],"about":[{"href":"https:\/\/www.upo.es\/diario\/wp-json\/wp\/v2\/types\/post"}],"author":[{"embeddable":true,"href":"https:\/\/www.upo.es\/diario\/wp-json\/wp\/v2\/users\/4"}],"replies":[{"embeddable":true,"href":"https:\/\/www.upo.es\/diario\/wp-json\/wp\/v2\/comments?post=16443089"}],"version-history":[{"count":11,"href":"https:\/\/www.upo.es\/diario\/wp-json\/wp\/v2\/posts\/16443089\/revisions"}],"predecessor-version":[{"id":16461833,"href":"https:\/\/www.upo.es\/diario\/wp-json\/wp\/v2\/posts\/16443089\/revisions\/16461833"}],"wp:attachment":[{"href":"https:\/\/www.upo.es\/diario\/wp-json\/wp\/v2\/media?parent=16443089"}],"wp:term":[{"taxonomy":"category","embeddable":true,"href":"https:\/\/www.upo.es\/diario\/wp-json\/wp\/v2\/categories?post=16443089"},{"taxonomy":"post_tag","embeddable":true,"href":"https:\/\/www.upo.es\/diario\/wp-json\/wp\/v2\/tags?post=16443089"}],"curies":[{"name":"wp","href":"https:\/\/api.w.org\/{rel}","templated":true}]}}