{"id":16461014,"date":"2016-11-16T12:32:13","date_gmt":"2016-11-16T12:32:13","guid":{"rendered":"https:\/\/www.upo.es\/diario\/?p=16461014"},"modified":"2016-11-17T08:30:21","modified_gmt":"2016-11-17T08:30:21","slug":"iii-feria-de-innovacion-y-nuevas-tecnologias-en-la-sede-de-la-diputacion-de-sevilla","status":"publish","type":"post","link":"https:\/\/www.upo.es\/diario\/institucional\/2016\/11\/iii-feria-de-innovacion-y-nuevas-tecnologias-en-la-sede-de-la-diputacion-de-sevilla\/","title":{"rendered":"III Feria de Innovaci\u00f3n y Nuevas Tecnolog\u00edas en la sede de la Diputaci\u00f3n de Sevilla"},"content":{"rendered":"<div>\n<figure id=\"attachment_16461015\" aria-describedby=\"caption-attachment-16461015\" style=\"width: 600px\" class=\"wp-caption aligncenter\"><a href=\"https:\/\/www.upo.es\/diario\/wp-content\/uploads\/2016\/11\/11-161116-III-FERIA-INNOVACI\u00d3N-1.jpg\"><img loading=\"lazy\" decoding=\"async\" class=\"size-large wp-image-16461015\" alt=\"En el centro de la imagen, Vicente Guzm\u00e1n, Susana D\u00edaz y Fernando Rodr\u00edguez Villalobos.\" src=\"https:\/\/www.upo.es\/diario\/wp-content\/uploads\/2016\/11\/11-161116-III-FERIA-INNOVACI\u00d3N-1-600x399.jpg\" width=\"600\" height=\"399\" srcset=\"https:\/\/www.upo.es\/diario\/wp-content\/uploads\/2016\/11\/11-161116-III-FERIA-INNOVACI\u00d3N-1-600x399.jpg 600w, https:\/\/www.upo.es\/diario\/wp-content\/uploads\/2016\/11\/11-161116-III-FERIA-INNOVACI\u00d3N-1-320x213.jpg 320w, https:\/\/www.upo.es\/diario\/wp-content\/uploads\/2016\/11\/11-161116-III-FERIA-INNOVACI\u00d3N-1.jpg 2000w\" sizes=\"auto, (max-width: 600px) 100vw, 600px\" \/><\/a><figcaption id=\"caption-attachment-16461015\" class=\"wp-caption-text\">En el centro de la imagen, Vicente Guzm\u00e1n, Susana D\u00edaz y Fernando Rodr\u00edguez Villalobos.<\/figcaption><\/figure>\n<p>El presidente de la Diputaci\u00f3n de Sevilla, Fernando Rodr\u00edguez Villalobos, y la presidenta de la Junta de Andaluc\u00eda, Susana D\u00edaz, han inaugurado esta ma\u00f1ana en la sede provincial la III Feria de Innovaci\u00f3n y Nuevas Tecnolog\u00edas, que se desarrollar\u00e1 en el Patio de la Instituci\u00f3n provincial hasta el pr\u00f3ximo viernes, 18 de noviembre. Entre las autoridades que tambi\u00e9n han asistido al acto inaugural se encuentran el rector de la Universidad Pablo de Olavide, Vicente Guzm\u00e1n Fluja, as\u00ed como representantes de la Universidad de Sevilla.<\/p>\n<\/div>\n<div>\n<p>Esta Feria, organizada por INPRO, forma parte del calendario de la Muestra de la Provincia 2016 y cumple su tercera edici\u00f3n. Se trata de una cita en la que se dan a conocer las \u00faltimas novedades ofrecidas por las empresas del sector inform\u00e1tico y de nuevas tecnolog\u00edas, por una parte, y supone un acercamiento entre empresas y administraci\u00f3n p\u00fablica para impulsar la innovaci\u00f3n\u00a0 y la aplicaci\u00f3n de las nuevas tecnolog\u00edas en la gesti\u00f3n p\u00fablica local y el crecimiento de la econom\u00eda digital en la provincia de Sevilla, por otra. Adem\u00e1s, incluye una extensa agenda de talleres y ponencias complementarias al \u00e1rea expositiva dirigidas al personal profesional del sector tecnol\u00f3gico y a los t\u00e9cnicos de las administraciones p\u00fablicas.<\/p>\n<\/div>\n","protected":false},"excerpt":{"rendered":"<p>El presidente de la Diputaci\u00f3n de Sevilla, Fernando Rodr\u00edguez Villalobos, y la presidenta de la Junta de Andaluc\u00eda, Susana D\u00edaz, han inaugurado esta ma\u00f1ana en la sede provincial la III Feria de Innovaci\u00f3n y Nuevas Tecnolog\u00edas, que se desarrollar\u00e1 en el Patio de la Instituci\u00f3n provincial hasta el pr\u00f3ximo viernes, 18 de noviembre. Entre las autoridades que tambi\u00e9n han asistido al acto inaugural se encuentran el rector de la Universidad Pablo de Olavide, Vicente Guzm\u00e1n Fluja, as\u00ed como representantes de la Universidad de Sevilla. <\/p>\n","protected":false},"author":2,"featured_media":0,"comment_status":"closed","ping_status":"open","sticky":false,"template":"","format":"standard","meta":{"_monsterinsights_skip_tracking":false,"_monsterinsights_sitenote_active":false,"_monsterinsights_sitenote_note":"","_monsterinsights_sitenote_category":0,"footnotes":""},"categories":[6],"tags":[3690,1042,554,217],"class_list":["post-16461014","post","type-post","status-publish","format-standard","hentry","category-institucional","tag-diputacion-de-sevilla","tag-feria","tag-innovacion","tag-nuevas-tecnologias"],"_links":{"self":[{"href":"https:\/\/www.upo.es\/diario\/wp-json\/wp\/v2\/posts\/16461014","targetHints":{"allow":["GET"]}}],"collection":[{"href":"https:\/\/www.upo.es\/diario\/wp-json\/wp\/v2\/posts"}],"about":[{"href":"https:\/\/www.upo.es\/diario\/wp-json\/wp\/v2\/types\/post"}],"author":[{"embeddable":true,"href":"https:\/\/www.upo.es\/diario\/wp-json\/wp\/v2\/users\/2"}],"replies":[{"embeddable":true,"href":"https:\/\/www.upo.es\/diario\/wp-json\/wp\/v2\/comments?post=16461014"}],"version-history":[{"count":3,"href":"https:\/\/www.upo.es\/diario\/wp-json\/wp\/v2\/posts\/16461014\/revisions"}],"predecessor-version":[{"id":16476369,"href":"https:\/\/www.upo.es\/diario\/wp-json\/wp\/v2\/posts\/16461014\/revisions\/16476369"}],"wp:attachment":[{"href":"https:\/\/www.upo.es\/diario\/wp-json\/wp\/v2\/media?parent=16461014"}],"wp:term":[{"taxonomy":"category","embeddable":true,"href":"https:\/\/www.upo.es\/diario\/wp-json\/wp\/v2\/categories?post=16461014"},{"taxonomy":"post_tag","embeddable":true,"href":"https:\/\/www.upo.es\/diario\/wp-json\/wp\/v2\/tags?post=16461014"}],"curies":[{"name":"wp","href":"https:\/\/api.w.org\/{rel}","templated":true}]}}