{"id":16461834,"date":"2016-11-16T14:19:47","date_gmt":"2016-11-16T14:19:47","guid":{"rendered":"https:\/\/www.upo.es\/diario\/?p=16461834"},"modified":"2016-11-17T14:15:24","modified_gmt":"2016-11-17T14:15:24","slug":"el-iii-encuentro-entre-la-upo-y-el-cuerpo-consular-de-sevilla-reune-a-los-consules-de-21-paises","status":"publish","type":"post","link":"https:\/\/www.upo.es\/diario\/institucional\/2016\/11\/el-iii-encuentro-entre-la-upo-y-el-cuerpo-consular-de-sevilla-reune-a-los-consules-de-21-paises\/","title":{"rendered":"El III encuentro entre la UPO y el Cuerpo Consular de Sevilla re\u00fane a los c\u00f3nsules de 21 pa\u00edses"},"content":{"rendered":"<figure id=\"attachment_16461835\" aria-describedby=\"caption-attachment-16461835\" style=\"width: 600px\" class=\"wp-caption aligncenter\"><a href=\"https:\/\/www.upo.es\/diario\/wp-content\/uploads\/2016\/11\/encuentro_cuerpoconsular.jpg\"><img loading=\"lazy\" decoding=\"async\" class=\"size-large wp-image-16461835\" alt=\"La UPO y la Asociaci\u00f3n Cuerpo Consular de Sevilla organizan esta reuni\u00f3n para desarrollar l\u00edneas de colaboraci\u00f3n rec\u00edproca sobre internacionalizaci\u00f3n.\" src=\"https:\/\/www.upo.es\/diario\/wp-content\/uploads\/2016\/11\/encuentro_cuerpoconsular-600x400.jpg\" width=\"600\" height=\"400\" srcset=\"https:\/\/www.upo.es\/diario\/wp-content\/uploads\/2016\/11\/encuentro_cuerpoconsular-600x400.jpg 600w, https:\/\/www.upo.es\/diario\/wp-content\/uploads\/2016\/11\/encuentro_cuerpoconsular-320x213.jpg 320w\" sizes=\"auto, (max-width: 600px) 100vw, 600px\" \/><\/a><figcaption id=\"caption-attachment-16461835\" class=\"wp-caption-text\">La UPO y la Asociaci\u00f3n Cuerpo Consular de Sevilla organizan esta reuni\u00f3n para desarrollar l\u00edneas de colaboraci\u00f3n rec\u00edproca sobre internacionalizaci\u00f3n.<\/figcaption><\/figure>\n<p>Los c\u00f3nsules en Sevilla de 21 pa\u00edses se han reunido hoy mi\u00e9rcoles en la sede de la Fundaci\u00f3n Valent\u00edn de Madariaga con motivo del <b>III Encuentro Internacional Universidad Pablo de Olavide- Asociaci\u00f3n Cuerpo Consular de Sevilla, <\/b>que ha estado presidido por el rector de la UPO Vicente Guzm\u00e1n Fluja; Jorge Monteiro, c\u00f3nsul general de Portugal en Sevilla; Juan Espadas Cejas, alcalde del Ayuntamiento de Sevilla; Julio Azancot Y\u00e1nez, presidente de la Asociaci\u00f3n del Cuerpo Consular de Sevilla, y Pilar Rodr\u00edguez Reina, vicerrectora de Relaciones Institucionales y Comunicaci\u00f3n de la UPO.<\/p>\n<p>A este encuentro de car\u00e1cter anual, concebido como reuni\u00f3n de trabajo y puesta en com\u00fan para desarrollar l\u00edneas de colaboraci\u00f3n rec\u00edproca sobre internacionalizaci\u00f3n, han asistido -adem\u00e1s del presidente de la Asociaci\u00f3n del Cuerpo Consular de Sevilla y c\u00f3nsul de honorario de la Rep\u00fablica Oriental de Uruguay, Julio Azancot Y\u00e1nez, y el c\u00f3nsul general de Portugal en Sevilla, Jorge Monteiro, los c\u00f3nsules de Ruman\u00eda, Radu C\u0103t\u0103lin Mardare; Filipinas, Jos\u00e9 Ignacio Bid\u00f3n y Vigil de Qui\u00f1ones; Irlanda, Ignacio de la Oliva Agull\u00f3; Guatemala, Benjam\u00edn Mu\u00f1oz Zamora; Suecia, Carlos Montesa Kaijser; Costa de Marfil, Jes\u00fas Mej\u00edas Begines; Cuba, Alejandro Castro Medina; Panam\u00e1, Francisco Jos\u00e9 Gandullo Guerra; Malta, Francisco Mesonero Fern\u00e1ndez de C\u00f3rdoba; Ecuador, H\u00e9ctor Salgado Rodr\u00edguez; Pa\u00edses Bajos, Jos\u00e9 Tob\u00edas Lerga Paz; Reino Unido de Gran Breta\u00f1a e Irlanda del Norte, Joe Cooper; Colombia, Luc\u00eda Madri\u00f1\u00e1n Saa; Francia, Didier Maze, acompa\u00f1ado de la agregada Cultural y Cooperaci\u00f3n Educativa, Marie-Christine Rivi\u00e8re; Per\u00fa, Luc\u00eda Trindade de Buitr\u00f3n; Rusia, Esther Morell Garc\u00eda; Luxemburgo, Jacqueline Brasseur; Corea del Sur, Francisco Herrero Maldonado, y Sultanato de Om\u00e1n en Espa\u00f1a, Ana Mar\u00eda de Lara.<\/p>\n<p>Asimismo, han participado en este encuentro internacional miembros del equipo de gobierno, responsables de los centros educativos, jefes de \u00e1reas implicadas y algunos otros miembros de la comunidad universitaria de la UPO.<\/p>\n<p>En el marco de este encuentro, el rector, Vicente Guzm\u00e1n Fluja, y el presidente de la Asociaci\u00f3n del Cuerpo Consular de Sevilla, Julio Azancot Y\u00e1nez, han suscrito un convenio marco de colaboraci\u00f3n entre ambas instituciones.<\/p>\n<p>&nbsp;<\/p>\n","protected":false},"excerpt":{"rendered":"<p>Los c\u00f3nsules en Sevilla de 21 pa\u00edses se han reunido en la sede de la Fundaci\u00f3n Valent\u00edn de Madariaga con motivo del III Encuentro Internacional Universidad Pablo de Olavide- Asociaci\u00f3n Cuerpo Consular de Sevilla, que ha estado presidido por el rector de la UPO Vicente Guzm\u00e1n Fluja; Jorge Monteiro, c\u00f3nsul general de Portugal en Sevilla; Juan Espadas Cejas, alcalde del Ayuntamiento de Sevilla; Julio Azancot Y\u00e1nez, presidente de la Asociaci\u00f3n del Cuerpo Consular de Sevilla.<\/p>\n","protected":false},"author":6,"featured_media":0,"comment_status":"closed","ping_status":"open","sticky":false,"template":"","format":"standard","meta":{"_monsterinsights_skip_tracking":false,"_monsterinsights_sitenote_active":false,"_monsterinsights_sitenote_note":"","_monsterinsights_sitenote_category":0,"footnotes":""},"categories":[6],"tags":[621,1983,925,2741,1794,38,171,161,106],"class_list":["post-16461834","post","type-post","status-publish","format-standard","hentry","category-institucional","tag-ayuntamiento-de-sevilla","tag-consulado","tag-internacionalizacion","tag-juan-espadas","tag-pilar-rodriguez-reina","tag-rector","tag-relaciones-internacionales","tag-sevilla","tag-vicente-c-guzman"],"_links":{"self":[{"href":"https:\/\/www.upo.es\/diario\/wp-json\/wp\/v2\/posts\/16461834","targetHints":{"allow":["GET"]}}],"collection":[{"href":"https:\/\/www.upo.es\/diario\/wp-json\/wp\/v2\/posts"}],"about":[{"href":"https:\/\/www.upo.es\/diario\/wp-json\/wp\/v2\/types\/post"}],"author":[{"embeddable":true,"href":"https:\/\/www.upo.es\/diario\/wp-json\/wp\/v2\/users\/6"}],"replies":[{"embeddable":true,"href":"https:\/\/www.upo.es\/diario\/wp-json\/wp\/v2\/comments?post=16461834"}],"version-history":[{"count":4,"href":"https:\/\/www.upo.es\/diario\/wp-json\/wp\/v2\/posts\/16461834\/revisions"}],"predecessor-version":[{"id":16481297,"href":"https:\/\/www.upo.es\/diario\/wp-json\/wp\/v2\/posts\/16461834\/revisions\/16481297"}],"wp:attachment":[{"href":"https:\/\/www.upo.es\/diario\/wp-json\/wp\/v2\/media?parent=16461834"}],"wp:term":[{"taxonomy":"category","embeddable":true,"href":"https:\/\/www.upo.es\/diario\/wp-json\/wp\/v2\/categories?post=16461834"},{"taxonomy":"post_tag","embeddable":true,"href":"https:\/\/www.upo.es\/diario\/wp-json\/wp\/v2\/tags?post=16461834"}],"curies":[{"name":"wp","href":"https:\/\/api.w.org\/{rel}","templated":true}]}}