{"id":16477181,"date":"2016-11-17T00:07:46","date_gmt":"2016-11-17T00:07:46","guid":{"rendered":"https:\/\/www.upo.es\/diario\/?p=16477181"},"modified":"2016-11-18T08:02:40","modified_gmt":"2016-11-18T08:02:40","slug":"el-coro-de-la-upo-ofrece-hoy-un-concierto-sobre-la-musica-en-la-peninsula-iberica-hasta-1492","status":"publish","type":"post","link":"https:\/\/www.upo.es\/diario\/cultura\/2016\/11\/el-coro-de-la-upo-ofrece-hoy-un-concierto-sobre-la-musica-en-la-peninsula-iberica-hasta-1492\/","title":{"rendered":"El coro de la UPO ofrece hoy un concierto sobre la m\u00fasica en la pen\u00ednsula Ib\u00e9rica hasta 1492"},"content":{"rendered":"<figure id=\"attachment_1762567\" aria-describedby=\"caption-attachment-1762567\" style=\"width: 600px\" class=\"wp-caption aligncenter\"><a href=\"https:\/\/www.upo.es\/diario\/wp-content\/uploads\/2013\/10\/coro_UPO_Paraninfo.jpg\"><img loading=\"lazy\" decoding=\"async\" class=\"size-large wp-image-1762567\" alt=\"El Coro en una de sus actuaciones en el Paraninfo\" src=\"https:\/\/www.upo.es\/diario\/wp-content\/uploads\/2013\/10\/coro_UPO_Paraninfo-1024x682.jpg\" width=\"600\" height=\"399\" srcset=\"https:\/\/www.upo.es\/diario\/wp-content\/uploads\/2013\/10\/coro_UPO_Paraninfo-1024x682.jpg 1024w, https:\/\/www.upo.es\/diario\/wp-content\/uploads\/2013\/10\/coro_UPO_Paraninfo-320x213.jpg 320w, https:\/\/www.upo.es\/diario\/wp-content\/uploads\/2013\/10\/coro_UPO_Paraninfo-600x400.jpg 600w\" sizes=\"auto, (max-width: 600px) 100vw, 600px\" \/><\/a><figcaption id=\"caption-attachment-1762567\" class=\"wp-caption-text\">El Coro en una de sus actuaciones en el Paraninfo<\/figcaption><\/figure>\n<p>La programaci\u00f3n de\u201cCultura M\u00ednima\u201d de este curso acad\u00e9mico contin\u00faa hoy jueves 17 de noviembre con una actuaci\u00f3n del <b>Coro de la UPO<\/b>, que ofrecer\u00e1 el concierto \u201cM\u00fasica en la Pen\u00ednsula Ib\u00e9rica hasta 1492\u201d, con cuarteto de voces e instrumentos antiguos. Ser\u00e1 <b>a las 19:30 horas en el <\/b><b>espacio sociocultural \u201cEl Entramado\u201d (edificio 42) de la Universidad Pablo de Olavide<\/b>. La entrada al concierto tiene un precio de 3 euros.<\/p>\n<p>El Coro de la Universidad Pablo de Olavide de Sevilla se cre\u00f3 como asociaci\u00f3n sin \u00e1nimo de lucro a principios del curso 2008-2009 con la finalidad de llevar a cabo un trabajo de formaci\u00f3n e interpretaci\u00f3n del repertorio coral occidental desde la \u00e9poca medieval hasta el siglo XX y para contribuir a la divulgaci\u00f3n de este legado musical, en nombre de la universidad.<\/p>\n<p><a href=\"https:\/\/www.upo.es\/cms1\/export\/sites\/upo\/upsc\/extension_cultural\/documentos\/Programacixn15-16DEF.pdf\">\u201cCultura M\u00ednima\u201d<\/a> es un espacio para el arte y la cultura emergentes en la Universidad Pablo de Olavide. De esta manera, el espacio sociocultural \u201cEl Entramado\u201d se consolida como el espacio estable de la programaci\u00f3n cultural de la Olavide, acogiendo propuestas art\u00edsticas de todas las disciplinas como teatro, danza, flamenco, recitales de poes\u00eda, presentaciones de libros, o recitales en ac\u00fastico de agrupaciones musicales y solistas.<\/p>\n<p>Adem\u00e1s, \u201cEl Entramado\u201d acoge el trabajo diario de las agrupaciones que conforman el Programa Artes y Formaci\u00f3n del Vicerrectorado de Cultura y Compromiso Social, como el Aula de Artes Esc\u00e9nicas, Coro de la UPO, Pe\u00f1a Universitaria \u201cSentir Flamenco\u201d y la colaboraci\u00f3n desde hace a\u00f1os con el Coro South Gospel de Sevilla.<\/p>\n","protected":false},"excerpt":{"rendered":"<p>La programaci\u00f3n de \u201cCultura M\u00ednima\u201d de este curso acad\u00e9mico contin\u00faa hoy jueves con una actuaci\u00f3n del Coro de la UPO, que ofrecer\u00e1 el concierto \u201cM\u00fasica en la Pen\u00ednsula Ib\u00e9rica hasta 1492\u201d, con cuarteto de voces e instrumentos antiguos. Ser\u00e1 a las 19:30 horas en el espacio sociocultural \u201cEl Entramado\u201d (edificio 42). La entrada al concierto tiene un precio de 3 euros. <\/p>\n","protected":false},"author":6,"featured_media":0,"comment_status":"closed","ping_status":"open","sticky":false,"template":"","format":"standard","meta":{"_monsterinsights_skip_tracking":false,"_monsterinsights_sitenote_active":false,"_monsterinsights_sitenote_note":"","_monsterinsights_sitenote_category":0,"footnotes":""},"categories":[7],"tags":[2118,2664],"class_list":["post-16477181","post","type-post","status-publish","format-standard","hentry","category-cultura","tag-coro-de-la-universidad-pablo-de-olavide","tag-programa-cultura-minima"],"_links":{"self":[{"href":"https:\/\/www.upo.es\/diario\/wp-json\/wp\/v2\/posts\/16477181","targetHints":{"allow":["GET"]}}],"collection":[{"href":"https:\/\/www.upo.es\/diario\/wp-json\/wp\/v2\/posts"}],"about":[{"href":"https:\/\/www.upo.es\/diario\/wp-json\/wp\/v2\/types\/post"}],"author":[{"embeddable":true,"href":"https:\/\/www.upo.es\/diario\/wp-json\/wp\/v2\/users\/6"}],"replies":[{"embeddable":true,"href":"https:\/\/www.upo.es\/diario\/wp-json\/wp\/v2\/comments?post=16477181"}],"version-history":[{"count":3,"href":"https:\/\/www.upo.es\/diario\/wp-json\/wp\/v2\/posts\/16477181\/revisions"}],"predecessor-version":[{"id":16495957,"href":"https:\/\/www.upo.es\/diario\/wp-json\/wp\/v2\/posts\/16477181\/revisions\/16495957"}],"wp:attachment":[{"href":"https:\/\/www.upo.es\/diario\/wp-json\/wp\/v2\/media?parent=16477181"}],"wp:term":[{"taxonomy":"category","embeddable":true,"href":"https:\/\/www.upo.es\/diario\/wp-json\/wp\/v2\/categories?post=16477181"},{"taxonomy":"post_tag","embeddable":true,"href":"https:\/\/www.upo.es\/diario\/wp-json\/wp\/v2\/tags?post=16477181"}],"curies":[{"name":"wp","href":"https:\/\/api.w.org\/{rel}","templated":true}]}}