{"id":16481290,"date":"2016-11-18T05:10:59","date_gmt":"2016-11-18T05:10:59","guid":{"rendered":"https:\/\/www.upo.es\/diario\/?p=16481290"},"modified":"2016-11-18T08:07:44","modified_gmt":"2016-11-18T08:07:44","slug":"la-facultad-de-humanidades-de-la-upo-celebra-su-jornada-de-calidad-del-grado-en-geografia-e-historia","status":"publish","type":"post","link":"https:\/\/www.upo.es\/diario\/institucional\/2016\/11\/la-facultad-de-humanidades-de-la-upo-celebra-su-jornada-de-calidad-del-grado-en-geografia-e-historia\/","title":{"rendered":"La Facultad de Humanidades de la UPO celebra su Jornada de Calidad del grado en Geograf\u00eda e Historia"},"content":{"rendered":"<p style=\"text-align: justify;\"><a href=\"https:\/\/www.upo.es\/diario\/wp-content\/uploads\/2016\/11\/1478768596297_jornada_de_calidad_y_evaluaciox769xn_del_grado_en_geografix769xa_e_historia.jpg\"><img loading=\"lazy\" decoding=\"async\" class=\"alignright size-medium wp-image-16481291\" alt=\"1478768596297_jornada_de_calidad_y_evaluaciox769xn_del_grado_en_geografix769xa_e_historia\" src=\"https:\/\/www.upo.es\/diario\/wp-content\/uploads\/2016\/11\/1478768596297_jornada_de_calidad_y_evaluaciox769xn_del_grado_en_geografix769xa_e_historia-320x256.jpg\" width=\"320\" height=\"256\" srcset=\"https:\/\/www.upo.es\/diario\/wp-content\/uploads\/2016\/11\/1478768596297_jornada_de_calidad_y_evaluaciox769xn_del_grado_en_geografix769xa_e_historia-320x256.jpg 320w, https:\/\/www.upo.es\/diario\/wp-content\/uploads\/2016\/11\/1478768596297_jornada_de_calidad_y_evaluaciox769xn_del_grado_en_geografix769xa_e_historia-600x480.jpg 600w\" sizes=\"auto, (max-width: 320px) 100vw, 320px\" \/><\/a>Hoy viernes, 18 de noviembre, a las 10 horas en el aula 106 del edificio 45 de la Universidad Pablo de Olavide, se celebrar\u00e1 la Jornada de Calidad y Evaluaci\u00f3n del grado en Geograf\u00eda e Historia de la Facultad de Humanidades de la UPO. El acto ser\u00e1 inaugurado por la decana Rosario Moreno Soldevila.<\/p>\n<p style=\"text-align: justify;\">Con esta jornada se pretende dar a conocer el Sistema de Garant\u00eda Interna de Calidad (SIGC) de la Facultad de Humanidades, demostrando la importancia del mismo y de su correcta ejecuci\u00f3n, a los distintos grupos de inter\u00e9s vinculados al grado en Geograf\u00eda e Historia, ya sean estudiantes, profesores, egresados, empleadores y personal de la administraci\u00f3n y servicios.<\/p>\n<p><a href=\"https:\/\/www.upo.es\/export\/portal\/com\/bin\/portal\/fhum\/noticias\/JORNADA_DE_CALIDAD_Y_EVALUACION_GGEH\/1478768596297_jornada_de_calidad_y_evaluaciox769xn_del_grado_en_geografix769xa_e_historia.pdf\">Programa Jornada de Calidad y Evaluaci\u00f3n del Grado en Geograf\u00eda e Historia<\/a><\/p>\n","protected":false},"excerpt":{"rendered":"<p>Con esta jornada se pretende dar a conocer el Sistema de Garant\u00eda Interna de Calidad (SIGC) de la Facultad de Humanidades, demostrando la importancia del mismo y de su correcta ejecuci\u00f3n, a los distintos grupos de inter\u00e9s vinculados al grado en Geograf\u00eda e Historia.<\/p>\n","protected":false},"author":4,"featured_media":0,"comment_status":"closed","ping_status":"open","sticky":false,"template":"","format":"standard","meta":{"_monsterinsights_skip_tracking":false,"_monsterinsights_sitenote_active":false,"_monsterinsights_sitenote_note":"","_monsterinsights_sitenote_category":0,"footnotes":""},"categories":[6],"tags":[740,96,1546,514,3695,3696],"class_list":["post-16481290","post","type-post","status-publish","format-standard","hentry","category-institucional","tag-calidad","tag-facultad-de-humanidades","tag-grado-en-geografia-e-historia","tag-jornada","tag-sigc","tag-sistema-de-garantia-interna-de-calidad"],"_links":{"self":[{"href":"https:\/\/www.upo.es\/diario\/wp-json\/wp\/v2\/posts\/16481290","targetHints":{"allow":["GET"]}}],"collection":[{"href":"https:\/\/www.upo.es\/diario\/wp-json\/wp\/v2\/posts"}],"about":[{"href":"https:\/\/www.upo.es\/diario\/wp-json\/wp\/v2\/types\/post"}],"author":[{"embeddable":true,"href":"https:\/\/www.upo.es\/diario\/wp-json\/wp\/v2\/users\/4"}],"replies":[{"embeddable":true,"href":"https:\/\/www.upo.es\/diario\/wp-json\/wp\/v2\/comments?post=16481290"}],"version-history":[{"count":4,"href":"https:\/\/www.upo.es\/diario\/wp-json\/wp\/v2\/posts\/16481290\/revisions"}],"predecessor-version":[{"id":16495963,"href":"https:\/\/www.upo.es\/diario\/wp-json\/wp\/v2\/posts\/16481290\/revisions\/16495963"}],"wp:attachment":[{"href":"https:\/\/www.upo.es\/diario\/wp-json\/wp\/v2\/media?parent=16481290"}],"wp:term":[{"taxonomy":"category","embeddable":true,"href":"https:\/\/www.upo.es\/diario\/wp-json\/wp\/v2\/categories?post=16481290"},{"taxonomy":"post_tag","embeddable":true,"href":"https:\/\/www.upo.es\/diario\/wp-json\/wp\/v2\/tags?post=16481290"}],"curies":[{"name":"wp","href":"https:\/\/api.w.org\/{rel}","templated":true}]}}