{"id":1652826,"date":"2013-09-26T23:49:49","date_gmt":"2013-09-26T23:49:49","guid":{"rendered":"https:\/\/www.upo.es\/diario\/?p=1652826"},"modified":"2013-09-27T13:16:46","modified_gmt":"2013-09-27T13:16:46","slug":"la-upo-y-la-mesa-del-tercer-sector-de-andalucia-impulsan-la-iniciativa-bitacula","status":"publish","type":"post","link":"https:\/\/www.upo.es\/diario\/institucional\/2013\/09\/la-upo-y-la-mesa-del-tercer-sector-de-andalucia-impulsan-la-iniciativa-bitacula\/","title":{"rendered":"La UPO y la Mesa del Tercer Sector de Andaluc\u00eda impulsan la Iniciativa Bit\u00e1cula"},"content":{"rendered":"<figure id=\"attachment_1652827\" aria-describedby=\"caption-attachment-1652827\" style=\"width: 320px\" class=\"wp-caption alignright\"><a href=\"https:\/\/www.upo.es\/diario\/wp-content\/uploads\/2013\/09\/conve_tercersector1.jpg\"><img loading=\"lazy\" decoding=\"async\" class=\"size-medium wp-image-1652827\" alt=\"El rector de la UPO y el presidente de este foro social han firmado este mediod\u00eda un convenio de colaboraci\u00f3n\" src=\"https:\/\/www.upo.es\/diario\/wp-content\/uploads\/2013\/09\/conve_tercersector1-320x217.jpg\" width=\"320\" height=\"217\" srcset=\"https:\/\/www.upo.es\/diario\/wp-content\/uploads\/2013\/09\/conve_tercersector1-320x217.jpg 320w, https:\/\/www.upo.es\/diario\/wp-content\/uploads\/2013\/09\/conve_tercersector1-1024x697.jpg 1024w, https:\/\/www.upo.es\/diario\/wp-content\/uploads\/2013\/09\/conve_tercersector1-600x408.jpg 600w\" sizes=\"auto, (max-width: 320px) 100vw, 320px\" \/><\/a><figcaption id=\"caption-attachment-1652827\" class=\"wp-caption-text\">El rector de la UPO y el presidente de este foro social han firmado un convenio de colaboraci\u00f3n<\/figcaption><\/figure>\n<p>El rector de la Universidad Pablo de Olavide, Vicente Guzm\u00e1n Fluja, y el presidente de la Mesa del Tercer Sector de Andaluc\u00eda, Manuel S\u00e1nchez Montero, han firmado \u00a0un convenio general de colaboraci\u00f3n que impulsar\u00e1 la puesta en marcha de la <b>Iniciativa Bit\u00e1cula<\/b>, que pretende ser un espacio de trabajo entre la Universidad y las entidades que forman parte de este agente social cuyo objetivo es la consecuci\u00f3n de la justicia social.<\/p>\n<p>La Universidad Pablo de Olavide es la primera universidad andaluza que se une a esta iniciativa que sienta las bases para la puesta en marcha de acciones encaminadas a trabajar por la mejora de las condiciones de vida de la sociedad, el desarrollo social y la cohesi\u00f3n social, prestando inter\u00e9s a aquellas personas, colectivos y territorios m\u00e1s desfavorecidos. As\u00ed, ambas entidades pondr\u00e1n en marcha de manera conjunta acciones formativas, l\u00edneas de investigaci\u00f3n o el fomento de la participaci\u00f3n entre los miembros de la comunidad universitaria y las entidades que forman parte del tercer sector.<\/p>\n<p>En este sentido, tanto el rector de la UPO como el presidente de la Mesa del Tercer Sector de Andaluc\u00eda han coincidido en subrayar la importancia de trabajar conjuntamente en defensa de los social y en favor de los colectivos m\u00e1s desfavorecidos. Vicente Guzm\u00e1n ha destacado tambi\u00e9n la importante misi\u00f3n que tiene la universidad de conocer la realidad que le rodea para poder transformar su entorno y potenciar la igualdad. \u201cEste convenio escenifica que manifestamos p\u00fablicamente nuestro deseo de conseguir una sociedad m\u00e1s justa\u201d, ha afirmado el rector de la UPO. Por su parte, el presidente de la Mesa del Tercer Sector de Andaluc\u00eda se ha congratulado de que la Universidad Pablo de Olavide participe en esta iniciativa abierta a las universidades y que haya sido la primera universidad andaluza en apoyar esta red de colaboraci\u00f3n.<\/p>\n<p>Esta colaboraci\u00f3n se asienta en el trabajo que viene desarrollando la Oficina de Voluntariado del Vicerrectorado de Cultura, Participaci\u00f3n y Compromiso Social de la UPO, que desde su creaci\u00f3n realiza una amplia labor de apoyo a las entidades sociales a trav\u00e9s del voluntariado social.<\/p>\n<p>La Mesa del Tercer Sector, constituida en julio de 2012, est\u00e1 integrada por seis destacadas organizaciones de car\u00e1cter social, la <a href=\"http:\/\/www.voluntariadoandaluz.org\/\">Plataforma Andaluza del Voluntariado<\/a>, la <a href=\"http:\/\/www.eapn-andalucia.org\/\">Red Andaluza de Lucha contra la Pobreza y la Exclusi\u00f3n Social<\/a>, el <a href=\"http:\/\/cermiandalucia.es\/\">CERMI-A<\/a>, <a href=\"http:\/\/www.cruzroja.es\/portada\/\">Cruz Roja<\/a>, <a href=\"http:\/\/www.caritas.es\/\">C\u00e1ritas<\/a> y la <a href=\"http:\/\/www.once.es\/new\">ONCE<\/a>. Las seis organizaciones suman 96.000 andaluces, entre voluntarios y trabajadores, que atienden a 1,8 millones de personas en la comunidad aut\u00f3noma.<\/p>\n<p>Este foro social busca alternativas para intentar superar los actuales problemas econ\u00f3micos y sociales, generar puestos de trabajo y preservar los sistemas de protecci\u00f3n social. As\u00ed, se ha constituido como una voz unitaria de representaci\u00f3n de las organizaciones con vocaci\u00f3n de servicio y compromiso en la b\u00fasqueda de soluciones en favor de los colectivos m\u00e1s desfavorecidos o con necesidades sociales muy especiales.<\/p>\n","protected":false},"excerpt":{"rendered":"<p>El rector de la Universidad Pablo de Olavide, Vicente Guzm\u00e1n Fluja, y el presidente de la Mesa del Tercer Sector de Andaluc\u00eda, Manuel S\u00e1nchez Montero, han firmado  un convenio general de colaboraci\u00f3n que impulsar\u00e1 la puesta en marcha de la Iniciativa Bit\u00e1cula, que pretende ser un espacio de trabajo entre la Universidad y las entidades que forman parte de este agente social cuyo objetivo es la consecuci\u00f3n de la justicia social. <\/p>\n","protected":false},"author":2,"featured_media":0,"comment_status":"closed","ping_status":"open","sticky":false,"template":"","format":"standard","meta":{"_monsterinsights_skip_tracking":false,"_monsterinsights_sitenote_active":false,"_monsterinsights_sitenote_note":"","_monsterinsights_sitenote_category":0,"footnotes":""},"categories":[6],"tags":[249,326,394,38,146,106,442,86],"class_list":["post-1652826","post","type-post","status-publish","format-standard","hentry","category-institucional","tag-cambio-social","tag-convenio","tag-participacion-social","tag-rector","tag-sociedad","tag-vicente-c-guzman","tag-vicerrectorado","tag-voluntariado"],"_links":{"self":[{"href":"https:\/\/www.upo.es\/diario\/wp-json\/wp\/v2\/posts\/1652826","targetHints":{"allow":["GET"]}}],"collection":[{"href":"https:\/\/www.upo.es\/diario\/wp-json\/wp\/v2\/posts"}],"about":[{"href":"https:\/\/www.upo.es\/diario\/wp-json\/wp\/v2\/types\/post"}],"author":[{"embeddable":true,"href":"https:\/\/www.upo.es\/diario\/wp-json\/wp\/v2\/users\/2"}],"replies":[{"embeddable":true,"href":"https:\/\/www.upo.es\/diario\/wp-json\/wp\/v2\/comments?post=1652826"}],"version-history":[{"count":11,"href":"https:\/\/www.upo.es\/diario\/wp-json\/wp\/v2\/posts\/1652826\/revisions"}],"predecessor-version":[{"id":1666484,"href":"https:\/\/www.upo.es\/diario\/wp-json\/wp\/v2\/posts\/1652826\/revisions\/1666484"}],"wp:attachment":[{"href":"https:\/\/www.upo.es\/diario\/wp-json\/wp\/v2\/media?parent=1652826"}],"wp:term":[{"taxonomy":"category","embeddable":true,"href":"https:\/\/www.upo.es\/diario\/wp-json\/wp\/v2\/categories?post=1652826"},{"taxonomy":"post_tag","embeddable":true,"href":"https:\/\/www.upo.es\/diario\/wp-json\/wp\/v2\/tags?post=1652826"}],"curies":[{"name":"wp","href":"https:\/\/api.w.org\/{rel}","templated":true}]}}