{"id":16560664,"date":"2016-11-21T05:59:30","date_gmt":"2016-11-21T05:59:30","guid":{"rendered":"https:\/\/www.upo.es\/diario\/?p=16560664"},"modified":"2016-11-21T14:02:20","modified_gmt":"2016-11-21T14:02:20","slug":"la-upo-participa-en-el-i-congreso-internacional-agua-cultura-y-territorio-celebrado-en-costa-rica","status":"publish","type":"post","link":"https:\/\/www.upo.es\/diario\/institucional\/2016\/11\/la-upo-participa-en-el-i-congreso-internacional-agua-cultura-y-territorio-celebrado-en-costa-rica\/","title":{"rendered":"La UPO participa en el I Congreso Internacional \u201cAgua, Cultura y Territorio\u201d celebrado en Costa Rica"},"content":{"rendered":"<figure id=\"attachment_16560665\" aria-describedby=\"caption-attachment-16560665\" style=\"width: 320px\" class=\"wp-caption alignright\"><a href=\"https:\/\/www.upo.es\/diario\/wp-content\/uploads\/2016\/11\/CongresoFQuiles.jpg\"><img loading=\"lazy\" decoding=\"async\" class=\"size-medium wp-image-16560665\" alt=\"Javier Escalera durante la inauguraci\u00f3n.\" src=\"https:\/\/www.upo.es\/diario\/wp-content\/uploads\/2016\/11\/CongresoFQuiles-320x180.jpg\" width=\"320\" height=\"180\" srcset=\"https:\/\/www.upo.es\/diario\/wp-content\/uploads\/2016\/11\/CongresoFQuiles-320x180.jpg 320w, https:\/\/www.upo.es\/diario\/wp-content\/uploads\/2016\/11\/CongresoFQuiles-600x337.jpg 600w, https:\/\/www.upo.es\/diario\/wp-content\/uploads\/2016\/11\/CongresoFQuiles.jpg 960w\" sizes=\"auto, (max-width: 320px) 100vw, 320px\" \/><\/a><figcaption id=\"caption-attachment-16560665\" class=\"wp-caption-text\">Javier Escalera durante la inauguraci\u00f3n.<\/figcaption><\/figure>\n<p style=\"text-align: justify;\">Del 14 al 18 de noviembre se ha celebrado en la Universidad Nacional de Costa Rica (UNA) el I Congreso Internacional \u201cAgua, Cultura y Territorio\u201d en el que la Universidad Pablo de Olavide forma parte de sus organizadores a trav\u00e9s del CEI CamBio y la Red de Patrimonio Cultural de los Pa\u00edses Centroamericanos del \u00c1rea de Historia del Arte de la UPO. Al encuentro ha asistido Javier Escalera, director del CEI CamBio y miembro del comit\u00e9 ejecutivo del congreso.<\/p>\n<p style=\"text-align: justify;\">En noviembre de 2015 se celebr\u00f3 en la Universidad Pablo de Olavide el Simposio Internacional \u201cCentroam\u00e9rica, Patrimonio Vivo\u201d, organizado por el Observatorio del Patrimonio Cultural de los Pa\u00edses Centroamericanos Itsmo, con el apoyo CEI. El evento reflej\u00f3 el sentir de muchos profesionales del \u00e1mbito del patrimonio cultural que conocen este territorio. Con el objetivo de dar continuidad a la tarea iniciada se ha organizado el I Congreso Centroamericano de Patrimonio Cultural y Natural, que pretende ser el primero de una de encuentros que sirva para establecer una l\u00ednea de trabajo que permita poner al d\u00eda con regularidad peri\u00f3dica los estudios sobre Patrimonio Cultural y Natural relativos a Centroam\u00e9rica.<\/p>\n<p style=\"text-align: justify;\">A lo largo de este encuentro se ha querido ofrecer diversas miradas al agua, no solo desde el enfoque econ\u00f3mico, social, biol\u00f3gico y ambiental sino tambi\u00e9n desde el plano art\u00edstico, afectivo y m\u00e1s humanos del recurso. De esta manera, la Universidad Nacional en alianza con la Universidad Pablo de Olavide y otros actores internacionales y nacionales ha celebrado este congreso que ha permitido compartir, conocer y reflexionar sobre los diversos desaf\u00edos y perspectivas ante el agua.<\/p>\n<p style=\"text-align: justify;\">Entre los temas que se han abordado durante el congreso se encuentran el problema del cambio clim\u00e1tico, el agua y la sociedad, infraestructuras h\u00eddricas, el saneamiento, la visi\u00f3n de los pueblos originarios respecto al agua y otros m\u00e1s.<\/p>\n<p style=\"text-align: justify;\">La UNA es la instituci\u00f3n sede del congreso en el marco del convenio entre la Universidad Nacional y la Universidad Pablo de Olavide. De igual forma, el evento es parte de la celebraci\u00f3n del a\u00f1o 2016 como el a\u00f1o de la Universidad Nacional, las Universidades P\u00fablicas de Costa Rica y las Universidades P\u00fablicas Centroamericanas por la Madre Tierra.<\/p>\n","protected":false},"excerpt":{"rendered":"<p>Del 14 al 18 de noviembre se ha celebrado en la Universidad Nacional de Costa Rica (UNA) el I Congreso Internacional \u201cAgua, Cultura y Territorio\u201d en el que la Universidad Pablo de Olavide forma parte de sus organizadores a trav\u00e9s del CEI CamBio y la Red de Patrimonio Cultural de los Pa\u00edses Centroamericanos del \u00c1rea de Historia del Arte de la UPO.<\/p>\n","protected":false},"author":4,"featured_media":0,"comment_status":"closed","ping_status":"open","sticky":false,"template":"","format":"standard","meta":{"_monsterinsights_skip_tracking":false,"_monsterinsights_sitenote_active":false,"_monsterinsights_sitenote_note":"","_monsterinsights_sitenote_category":0,"footnotes":""},"categories":[6],"tags":[3702,224,2338,354,1695,259,3704,3703],"class_list":["post-16560664","post","type-post","status-publish","format-standard","hentry","category-institucional","tag-agua","tag-cei-cambio","tag-centroamerica","tag-congreso","tag-costa-rica","tag-area-de-historia-del-arte","tag-patrimonio-vivo","tag-universidad-nacional-de-costa-rica"],"_links":{"self":[{"href":"https:\/\/www.upo.es\/diario\/wp-json\/wp\/v2\/posts\/16560664","targetHints":{"allow":["GET"]}}],"collection":[{"href":"https:\/\/www.upo.es\/diario\/wp-json\/wp\/v2\/posts"}],"about":[{"href":"https:\/\/www.upo.es\/diario\/wp-json\/wp\/v2\/types\/post"}],"author":[{"embeddable":true,"href":"https:\/\/www.upo.es\/diario\/wp-json\/wp\/v2\/users\/4"}],"replies":[{"embeddable":true,"href":"https:\/\/www.upo.es\/diario\/wp-json\/wp\/v2\/comments?post=16560664"}],"version-history":[{"count":2,"href":"https:\/\/www.upo.es\/diario\/wp-json\/wp\/v2\/posts\/16560664\/revisions"}],"predecessor-version":[{"id":16560667,"href":"https:\/\/www.upo.es\/diario\/wp-json\/wp\/v2\/posts\/16560664\/revisions\/16560667"}],"wp:attachment":[{"href":"https:\/\/www.upo.es\/diario\/wp-json\/wp\/v2\/media?parent=16560664"}],"wp:term":[{"taxonomy":"category","embeddable":true,"href":"https:\/\/www.upo.es\/diario\/wp-json\/wp\/v2\/categories?post=16560664"},{"taxonomy":"post_tag","embeddable":true,"href":"https:\/\/www.upo.es\/diario\/wp-json\/wp\/v2\/tags?post=16560664"}],"curies":[{"name":"wp","href":"https:\/\/api.w.org\/{rel}","templated":true}]}}