{"id":16578852,"date":"2016-11-22T12:31:45","date_gmt":"2016-11-22T12:31:45","guid":{"rendered":"https:\/\/www.upo.es\/diario\/?p=16578852"},"modified":"2016-11-23T14:24:24","modified_gmt":"2016-11-23T14:24:24","slug":"la-biblioteca-de-la-upo-amplia-su-horario-de-apertura-con-motivo-de-los-examenes-de-enero","status":"publish","type":"post","link":"https:\/\/www.upo.es\/diario\/infoupo\/2016\/11\/la-biblioteca-de-la-upo-amplia-su-horario-de-apertura-con-motivo-de-los-examenes-de-enero\/","title":{"rendered":"La Biblioteca de la UPO ampl\u00eda su horario de apertura con motivo de los ex\u00e1menes de enero"},"content":{"rendered":"<figure id=\"attachment_16578855\" aria-describedby=\"caption-attachment-16578855\" style=\"width: 320px\" class=\"wp-caption alignright\"><a href=\"https:\/\/www.upo.es\/diario\/wp-content\/uploads\/2016\/11\/bibliotecaUPO.jpg\"><img loading=\"lazy\" decoding=\"async\" class=\"size-medium wp-image-16578855\" alt=\"Desde el 21 de noviembre hasta el 19 de enero, la Biblioteca  ampl\u00eda su horario de apertura.\" src=\"https:\/\/www.upo.es\/diario\/wp-content\/uploads\/2016\/11\/bibliotecaUPO-320x225.jpg\" width=\"320\" height=\"225\" srcset=\"https:\/\/www.upo.es\/diario\/wp-content\/uploads\/2016\/11\/bibliotecaUPO-320x225.jpg 320w, https:\/\/www.upo.es\/diario\/wp-content\/uploads\/2016\/11\/bibliotecaUPO-600x421.jpg 600w\" sizes=\"auto, (max-width: 320px) 100vw, 320px\" \/><\/a><figcaption id=\"caption-attachment-16578855\" class=\"wp-caption-text\">Desde el 21 de noviembre hasta el 19 de enero, la Biblioteca ampl\u00eda su horario de apertura.<\/figcaption><\/figure>\n<p style=\"text-align: justify;\">Desde el 21 de noviembre hasta el 19 de enero,la Biblioteca de la Universidad Pablo de Olavide ampl\u00eda su horario de apertura para facilitar a los estudiantes la preparaci\u00f3n de los ex\u00e1menes.<\/p>\n<p style=\"text-align: justify;\"><b>Hasta el 23 de diciembre<\/b>, de lunes a domingo, incluidos festivos, el <a href=\"https:\/\/www1.upo.es\/biblioteca\/detalle-noticias\/Horario-extraordinario-de-apertura-de-la-Biblioteca-CRAI\/\">horario de la Biblioteca<\/a> ser\u00e1 de 8.30 horas a 22.00 horas. Respecto al mes de enero, los d\u00edas <b>3 y 4 de enero<\/b> la Biblioteca estar\u00e1 abierta de 8.30 a 22.00 horas y el d\u00eda <b>5 de enero<\/b> el horario ser\u00e1 de 8.30 a 15.00 horas. Desde el <b>7 al 19 de enero<\/b>, de lunes a domingo, incluidos festivos, el horario volver\u00e1 a ser de 8.30 horas a 22.00 horas. <b>Del 24 de diciembre al 2 de enero <\/b>inclusive la Biblioteca permanecer\u00e1 cerrada, as\u00ed como el <b>6 de enero<\/b>.<\/p>\n<p style=\"text-align: justify;\">Las aulas de inform\u00e1tica y las salas de trabajo en grupo permanecer\u00e1n cerradas del 24 de diciembre al 2 de enero, el 6 de enero, los fines de semana, festivos y todos los d\u00edas a partir de las 21.00 h.<\/p>\n<p style=\"text-align: justify;\"><b>SALA NOCTURNA<\/b><\/p>\n<p style=\"text-align: justify;\">La UPO tambi\u00e9n ha habilitado el aula 3 del edificio 16 como sala nocturna, que podr\u00e1 utilizarse durante todo el curso de lunes a viernes desde las 10 de la noche hasta las 8 de la ma\u00f1ana. Esta misma sala permanecer\u00e1 abierta durante todo el d\u00eda los s\u00e1bados, domingos y festivos. Si esta sala est\u00e1 cerrada, el interesado podr\u00e1 solicitar su apertura en el Centro de Control (tel\u00e9fono: 954 978 108), situado en la entrada del campus, junto a la estaci\u00f3n de Metro. El solicitante deber\u00e1 identificarse como miembro de la Comunidad Universitaria.<\/p>\n<p style=\"text-align: justify;\">Con la apertura de estos espacios, la Universidad Pablo de Olavide facilita a sus estudiantes la preparaci\u00f3n de los ex\u00e1menes, que se celebrar\u00e1n durante el mes de enero de 2017.<\/p>\n<p>&nbsp;<\/p>\n","protected":false},"excerpt":{"rendered":"<p>Hasta el 23 de diciembre, de lunes a domingo, incluidos festivos, el horario de la Biblioteca ser\u00e1 de 8.30 horas a 22.00 horas. Respecto al mes de enero, los d\u00edas 3 y 4 de enero la Biblioteca estar\u00e1 abierta de 8.30 a 22.00 horas y el d\u00eda 5 de enero el horario ser\u00e1 de 8.30 a 15.00 horas. Desde el 7 al 19 de enero, de lunes a domingo, incluidos festivos, el horario volver\u00e1 a ser de 8.30 horas a 22.00 horas.<\/p>\n","protected":false},"author":4,"featured_media":0,"comment_status":"closed","ping_status":"open","sticky":false,"template":"","format":"standard","meta":{"_monsterinsights_skip_tracking":false,"_monsterinsights_sitenote_active":false,"_monsterinsights_sitenote_note":"","_monsterinsights_sitenote_category":0,"footnotes":""},"categories":[5],"tags":[125,127,2333],"class_list":["post-16578852","post","type-post","status-publish","format-standard","hentry","category-infoupo","tag-biblioteca","tag-examenes","tag-horario-extraordinario"],"_links":{"self":[{"href":"https:\/\/www.upo.es\/diario\/wp-json\/wp\/v2\/posts\/16578852","targetHints":{"allow":["GET"]}}],"collection":[{"href":"https:\/\/www.upo.es\/diario\/wp-json\/wp\/v2\/posts"}],"about":[{"href":"https:\/\/www.upo.es\/diario\/wp-json\/wp\/v2\/types\/post"}],"author":[{"embeddable":true,"href":"https:\/\/www.upo.es\/diario\/wp-json\/wp\/v2\/users\/4"}],"replies":[{"embeddable":true,"href":"https:\/\/www.upo.es\/diario\/wp-json\/wp\/v2\/comments?post=16578852"}],"version-history":[{"count":6,"href":"https:\/\/www.upo.es\/diario\/wp-json\/wp\/v2\/posts\/16578852\/revisions"}],"predecessor-version":[{"id":16600454,"href":"https:\/\/www.upo.es\/diario\/wp-json\/wp\/v2\/posts\/16578852\/revisions\/16600454"}],"wp:attachment":[{"href":"https:\/\/www.upo.es\/diario\/wp-json\/wp\/v2\/media?parent=16578852"}],"wp:term":[{"taxonomy":"category","embeddable":true,"href":"https:\/\/www.upo.es\/diario\/wp-json\/wp\/v2\/categories?post=16578852"},{"taxonomy":"post_tag","embeddable":true,"href":"https:\/\/www.upo.es\/diario\/wp-json\/wp\/v2\/tags?post=16578852"}],"curies":[{"name":"wp","href":"https:\/\/api.w.org\/{rel}","templated":true}]}}