{"id":16619533,"date":"2016-11-24T13:09:51","date_gmt":"2016-11-24T13:09:51","guid":{"rendered":"https:\/\/www.upo.es\/diario\/?p=16619533"},"modified":"2016-11-25T13:25:15","modified_gmt":"2016-11-25T13:25:15","slug":"los-mayores-fomentan-el-emprendimiento-entre-los-estudiantes-de-la-upo-a-traves-del-relato-de-sus-experiencias","status":"publish","type":"post","link":"https:\/\/www.upo.es\/diario\/institucional\/2016\/11\/los-mayores-fomentan-el-emprendimiento-entre-los-estudiantes-de-la-upo-a-traves-del-relato-de-sus-experiencias\/","title":{"rendered":"Los mayores fomentan el emprendimiento entre los estudiantes de la UPO a trav\u00e9s del relato de sus experiencias"},"content":{"rendered":"<figure id=\"attachment_16619534\" aria-describedby=\"caption-attachment-16619534\" style=\"width: 600px\" class=\"wp-caption aligncenter\"><a href=\"https:\/\/www.upo.es\/diario\/wp-content\/uploads\/2016\/11\/experiencias_confemac.jpg\"><img loading=\"lazy\" decoding=\"async\" class=\"size-large wp-image-16619534\" alt=\"Imagen de una de las sesiones celebradas en la Universidad Pablo de Olavide. \" src=\"https:\/\/www.upo.es\/diario\/wp-content\/uploads\/2016\/11\/experiencias_confemac-600x400.jpg\" width=\"600\" height=\"400\" srcset=\"https:\/\/www.upo.es\/diario\/wp-content\/uploads\/2016\/11\/experiencias_confemac-600x400.jpg 600w, https:\/\/www.upo.es\/diario\/wp-content\/uploads\/2016\/11\/experiencias_confemac-320x213.jpg 320w\" sizes=\"auto, (max-width: 600px) 100vw, 600px\" \/><\/a><figcaption id=\"caption-attachment-16619534\" class=\"wp-caption-text\">Imagen de una de las sesiones celebradas en la Universidad Pablo de Olavide.<\/figcaption><\/figure>\n<p>La Confederaci\u00f3n Estatal de Mayores Activos (CONFEMAC) ha puesto en marcha el <b>programa \u201cExperiencia y juventud fomentando el emprendimiento\u201d<\/b> mediante el cual un grupo de personas mayores comparten con 800 j\u00f3venes, entre los que se encuentran estudiantes de la Universidad Pablo de Olavide, los valores necesarios para abrirse camino en el mundo laboral.<\/p>\n<p>Los estudiantes de la UPO se han beneficiado de esta iniciativa y han recibido a lo largo del mes de noviembre la visita de un grupo de mayores que han transmitido a estos j\u00f3venes las ganas y la ilusi\u00f3n de emprender a trav\u00e9s del relato de sus experiencias personales, \u201cun revulsivo estimulante frente a los mensajes negativos de la sociedad en los \u00faltimos a\u00f1os de crisis\u201d, afirman los organizadores de este programa.<\/p>\n<p>Como indica Vicente P\u00e9rez Cano, profesor de la Facultad de Ciencias Sociales de la UPO, \u201clos mensajes de la sociedad actual para nada alientan el emprendimiento, por eso es necesario un cambio de actitud, volver a ilusionarse, ser proactivos, so\u00f1ar, dejar de pensar que es imposible para comenzar a pensar que aunque sea dif\u00edcil no es imposible\u201d.<\/p>\n<p>As\u00ed, este profesor de la UPO a\u00f1ade que \u201cdesde hace a\u00f1os se habla del valor de la experiencia. Las personas mayores cada vez est\u00e1n m\u00e1s preparadas y disponibles para ejercer una verdadera participaci\u00f3n activa, actuando como generadores de ideas y actividades en programas intergeneracionales\u201d.<\/p>\n<p>El programa \u201cExperiencia y juventud fomentando el emprendimiento\u201d, que se lleva a cabo con el apoyo de la Consejer\u00eda de Igualdad y Pol\u00edticas Sociales y la Fundaci\u00f3n CAJASOL, es un nuevo paso de CONFEMAC para hacer m\u00e1s real el valor de las personas mayores como recurso eficiente para la comunidad.<\/p>\n<p>La experiencia se est\u00e1 realizando en los \u00faltimos cursos de algunos grados en la Universidad Pablo de Olavide y con alumnado que finaliza sus ciclos formativos en cinco IES de la provincia de Sevilla y otros cuatro de la provincia de C\u00e1diz.<\/p>\n<p>Las pr\u00f3ximas citas en la UPO ser\u00e1n el lunes 28 de noviembre a las 9:00 horas en el aula 5 del edificio 16 y a las 19:30 horas en el aula 6 del edificio 13.<\/p>\n<p><a href=\"http:\/\/www.confemac.net\/\">CONFEMAC<\/a> es una organizaci\u00f3n no lucrativa, de \u00e1mbito estatal que trabaja con las personas mayores para que, una vez terminada la etapa laboral, contin\u00faen siendo activas, \u00fatiles y plenamente integradas en la sociedad.<\/p>\n","protected":false},"excerpt":{"rendered":"<p>La Confederaci\u00f3n Estatal de Mayores Activos (CONFEMAC) ha puesto en marcha el programa \u201cExperiencia y juventud fomentando el emprendimiento\u201d mediante el cual un grupo de personas mayores comparten con 800 j\u00f3venes, entre los que se encuentran estudiantes de la Universidad Pablo de Olavide, los valores necesarios para abrirse camino en el mundo laboral.<\/p>\n","protected":false},"author":2,"featured_media":0,"comment_status":"closed","ping_status":"open","sticky":false,"template":"","format":"standard","meta":{"_monsterinsights_skip_tracking":false,"_monsterinsights_sitenote_active":false,"_monsterinsights_sitenote_note":"","_monsterinsights_sitenote_category":0,"footnotes":""},"categories":[6],"tags":[21,3714,53],"class_list":["post-16619533","post","type-post","status-publish","format-standard","hentry","category-institucional","tag-estudiantes","tag-experiencia","tag-mayores"],"_links":{"self":[{"href":"https:\/\/www.upo.es\/diario\/wp-json\/wp\/v2\/posts\/16619533","targetHints":{"allow":["GET"]}}],"collection":[{"href":"https:\/\/www.upo.es\/diario\/wp-json\/wp\/v2\/posts"}],"about":[{"href":"https:\/\/www.upo.es\/diario\/wp-json\/wp\/v2\/types\/post"}],"author":[{"embeddable":true,"href":"https:\/\/www.upo.es\/diario\/wp-json\/wp\/v2\/users\/2"}],"replies":[{"embeddable":true,"href":"https:\/\/www.upo.es\/diario\/wp-json\/wp\/v2\/comments?post=16619533"}],"version-history":[{"count":5,"href":"https:\/\/www.upo.es\/diario\/wp-json\/wp\/v2\/posts\/16619533\/revisions"}],"predecessor-version":[{"id":16619536,"href":"https:\/\/www.upo.es\/diario\/wp-json\/wp\/v2\/posts\/16619533\/revisions\/16619536"}],"wp:attachment":[{"href":"https:\/\/www.upo.es\/diario\/wp-json\/wp\/v2\/media?parent=16619533"}],"wp:term":[{"taxonomy":"category","embeddable":true,"href":"https:\/\/www.upo.es\/diario\/wp-json\/wp\/v2\/categories?post=16619533"},{"taxonomy":"post_tag","embeddable":true,"href":"https:\/\/www.upo.es\/diario\/wp-json\/wp\/v2\/tags?post=16619533"}],"curies":[{"name":"wp","href":"https:\/\/api.w.org\/{rel}","templated":true}]}}