{"id":16619537,"date":"2016-11-24T00:01:11","date_gmt":"2016-11-24T00:01:11","guid":{"rendered":"https:\/\/www.upo.es\/diario\/?p=16619537"},"modified":"2016-11-25T13:13:17","modified_gmt":"2016-11-25T13:13:17","slug":"un-seminario-muestra-en-la-upo-la-relacion-entre-la-mujer-y-el-poder-desde-la-antiguedad-hasta-el-siglo-xxi","status":"publish","type":"post","link":"https:\/\/www.upo.es\/diario\/institucional\/2016\/11\/un-seminario-muestra-en-la-upo-la-relacion-entre-la-mujer-y-el-poder-desde-la-antiguedad-hasta-el-siglo-xxi\/","title":{"rendered":"Un seminario muestra en la UPO la relaci\u00f3n entre la mujer y el poder desde la Antig\u00fcedad hasta el siglo XXI"},"content":{"rendered":"<p><span style=\"color: #000000; font-family: Times New Roman;\"><a href=\"https:\/\/www.upo.es\/diario\/wp-content\/uploads\/2016\/11\/cartel_violencia_genero_280px.png\"><img loading=\"lazy\" decoding=\"async\" class=\"alignright size-full wp-image-16555709\" alt=\"25-Noviembre: D\u00eda Internacional para la eliminaci\u00f3n de la violencia contra la mujer\" src=\"https:\/\/www.upo.es\/diario\/wp-content\/uploads\/2016\/11\/cartel_violencia_genero_280px.png\" width=\"280\" height=\"396\" srcset=\"https:\/\/www.upo.es\/diario\/wp-content\/uploads\/2016\/11\/cartel_violencia_genero_280px.png 280w, https:\/\/www.upo.es\/diario\/wp-content\/uploads\/2016\/11\/cartel_violencia_genero_280px-226x320.png 226w\" sizes=\"auto, (max-width: 280px) 100vw, 280px\" \/><\/a><\/span><\/p>\n<p>Ma\u00f1ana viernes 25 de noviembre, <b>D\u00eda Internacional para la Eliminaci\u00f3n de la Violencia contra las Mujeres<\/b>, continuar\u00e1 en la Universidad Pablo de Olavide la campa\u00f1a puesta en marcha por la UPO para conmemorar este d\u00eda. As\u00ed, una de las actividades que se celebrar\u00e1n ser\u00e1 el seminario <a href=\"https:\/\/www.upo.es\/upo_opencms\/export\/sites\/upo\/Galerias\/Descargas\/InfoEstudiantes\/Perspectivas_MujeresyPoder_Programa.pdf\">\u201cMulier Potentissima: Mujeres y poder desde la Antig\u00fcedad al s. XXI\u201d<\/a>, que tendr\u00e1 lugar ma\u00f1ana viernes desde las 10:00 horas en la sala de grados del edificio 7.<\/p>\n<p>&nbsp;<\/p>\n<p>Se trata de la tercera edici\u00f3n de \u201cPerspectivas: Seminario Permanente de Intercambio de Ideas\u201d, un encuentro anual en el que, gracias a la participaci\u00f3n de profesores de diferentes \u00e1reas, departamentos y facultades de la UPO, se analiza un tema de actualidad e inter\u00e9s desde diferentes enfoques y perspectivas. En esta ocasi\u00f3n el seminario abordar\u00e1 la relaci\u00f3n entre la mujer y el poder a trav\u00e9s de nueve conferencias estructuradas en dos ejes: \u201cMujer y poder en el siglo XXI\u201d y \u201cMujer y poder a lo largo de la historia pol\u00edtica y cultural de Europa\u201d. De esta manera, expertos en la materia hablar\u00e1n sobre mujeres como Angela Merkel, Hillary Clinton, Cleopatra o la reina Isabel I de Inglaterra. Tambi\u00e9n se abordar\u00e1n temas como la construcci\u00f3n de la mujer poderosa en los medios de comunicaci\u00f3n del siglo XXI; la masculinidad del poder econ\u00f3mico y la crisis financiera; mujer y poder en la literatura grecolatina; la agencia femenina en la gesti\u00f3n del imperio de Carlos V; o el empoderamiento pol\u00edtico y social de las sufragistas brit\u00e1nicas a trav\u00e9s del teatro.<\/p>\n<p>&nbsp;<\/p>\n<p>Esta actividad, cuya entrada es libre hasta completar aforo, ha sido organizada por el Seminario Permanente de Intercambio de Ideas con la colaboraci\u00f3n de la Facultad de Humanidades de la UPO.<\/p>\n<p>&nbsp;<\/p>\n<p>Por otro lado, ma\u00f1ana viernes a las 11:30 horas en la sala de grados de la Biblioteca, se presentar\u00e1 la tesis doctoral \u201cViolencia Virtual y Ajuste Psicosocial en la Adolescencia desde la perspectiva de g\u00e9nero\u201d, cuya autora es Mar\u00eda Mu\u00f1iz Rivas.<\/p>\n<p>&nbsp;<\/p>\n<p>La Residencia Universitaria Flora Trist\u00e1n tambi\u00e9n se suma a la conmemoraci\u00f3n del D\u00eda Internacional para la Eliminaci\u00f3n de la Violencia contra las Mujeres con la puesta en marcha ma\u00f1ana viernes de una acci\u00f3n reivindicativa en la que mujeres del barrio, profesoras y estudiantes, llevar\u00e1n una prenda vieja de vestir a la \u201cLa m\u00e1quina de coser de todos los tiempos\u2026 contra las violencias machistas de todo tipo\u201d. Se trata de una acci\u00f3n dirigida por la artista pl\u00e1stica Yassine Chouati con la colaboraci\u00f3n de Elisabet G. Betanzos. La cita es a las 13:00 horas en la Calle Peatonal Madre Teresa de Calcuta del Pol\u00edgono Sur.<\/p>\n<p>&nbsp;<\/p>\n<p>Finalmente, la pr\u00f3xima semana se celebrar\u00e1 el acto de presentaci\u00f3n de la <a href=\"https:\/\/www.upo.es\/upsc\/igualdad\/red-contra-la-violencia\/\">I Red contra la Violencia de G\u00e9nero de la Universidad Pablo de Olavide<\/a> y de la Gu\u00eda para la prevenci\u00f3n y detecci\u00f3n de la violencia contra las mujeres de la UPO, coordinadas por la Oficina para la Igualdad del Vicerrectorado de Cultura y Compromiso Social con la colaboraci\u00f3n del Instituto Andaluz de la Mujer de la Consejer\u00eda para la Igualdad y Pol\u00edticas Sociales de la Junta de Andaluc\u00eda.<\/p>\n<p>&nbsp;<\/p>\n<p>Esta red se crea con la finalidad de realizar tareas de formaci\u00f3n y sensibilizaci\u00f3n en violencia de g\u00e9nero dirigidas a estudiantes, al personal docente e investigador y al personal de administraci\u00f3n y servicios para que acompa\u00f1e a las mujeres que sufren violencia de g\u00e9nero de la comunidad universitaria; acompa\u00f1ar e\u00a0 informar a las mujeres que sufren violencia de g\u00e9nero; involucrar al mayor n\u00famero posible de poblaci\u00f3n universitaria para que favorezcan la sensibilizaci\u00f3n de la comunidad universitaria sobre la violencia de g\u00e9nero; y dotar de estrategias de empoderamiento a la poblaci\u00f3n universitaria en general y a las mujeres que sufren violencia de g\u00e9nero, en particular, contribuyendo a crear una comunidad universitaria activa, reflexiva y responsable ante esta lacra social.<\/p>\n<p>&nbsp;<\/p>\n<p>La <b>VI Campa\u00f1a para la Eliminaci\u00f3n de la Violencia contra las Mujeres, <\/b>puesta en marcha por el Vicerrectorado de Cultura y Compromiso Social de la UPO, se desarrolla hasta el 1 de diciembre en esta universidad. Las facultades de Humanidades y Ciencias Sociales, \u00a0el Aula Abierta de Mayores de la UPO, la Residencia Universitaria Flora Trist\u00e1n, la red cient\u00edfica \u201cGENDERCIT\u201d de estudios sobre la mujer, el M\u00e1ster de G\u00e9nero e Igualdad de la UPO, el Seminario Permanente de Intercambio de Ideas de la UPO, la Asociaci\u00f3n Cultural de Mujeres Teatro \u201cPiruetas\u201d, la Asociaci\u00f3n AMIGA por los Derechos Humanos de las Mujeres, la Asociaci\u00f3n Entrepueblos, el Ayuntamiento de Sevilla, la Consejer\u00eda de Igualdad y Pol\u00edticas Sociales, el Ayuntamiento de Bormujos, \u00a0junto con la Oficina para la Igualdad de esta universidad, colaboran en esta iniciativa que \u00a0incluye la celebraci\u00f3n de jornadas, proyecci\u00f3n de cortometrajes, teatro, conferencias, video f\u00f3rum y exposiciones.<\/p>\n<p>&nbsp;<\/p>\n<p><b><a href=\"https:\/\/www.upo.es\/upsc\/igualdad\/25_n\/index.jsp\">Programa VI Campa\u00f1a para la Eliminaci\u00f3n de la Violencia contra las Mujeres<\/a><\/b><\/p>\n<p><span style=\"color: #000000; font-family: Times New Roman;\">\u00a0<\/span><\/p>\n","protected":false},"excerpt":{"rendered":"<p>Ma\u00f1ana viernes 25 de noviembre, D\u00eda Internacional para la Eliminaci\u00f3n de la Violencia contra las Mujeres, continuar\u00e1 en la Universidad Pablo de Olavide la campa\u00f1a puesta en marcha por la UPO para conmemorar este d\u00eda. As\u00ed, una de las actividades que se celebrar\u00e1n ser\u00e1 el seminario \u201cMulier Potentissima: Mujeres y poder desde la Antig\u00fcedad al s. XXI\u201d, que tendr\u00e1 lugar ma\u00f1ana viernes desde las 10:00 horas en la sala de grados del edificio 7.<\/p>\n","protected":false},"author":2,"featured_media":0,"comment_status":"closed","ping_status":"open","sticky":false,"template":"","format":"standard","meta":{"_monsterinsights_skip_tracking":false,"_monsterinsights_sitenote_active":false,"_monsterinsights_sitenote_note":"","_monsterinsights_sitenote_category":0,"footnotes":""},"categories":[6],"tags":[419,336,517,2731,347,143,2441],"class_list":["post-16619537","post","type-post","status-publish","format-standard","hentry","category-institucional","tag-campana","tag-genero","tag-igualdad","tag-instituto-andaluz-de-la-mujer","tag-prevencion","tag-violencia","tag-violencia-de-genero"],"_links":{"self":[{"href":"https:\/\/www.upo.es\/diario\/wp-json\/wp\/v2\/posts\/16619537","targetHints":{"allow":["GET"]}}],"collection":[{"href":"https:\/\/www.upo.es\/diario\/wp-json\/wp\/v2\/posts"}],"about":[{"href":"https:\/\/www.upo.es\/diario\/wp-json\/wp\/v2\/types\/post"}],"author":[{"embeddable":true,"href":"https:\/\/www.upo.es\/diario\/wp-json\/wp\/v2\/users\/2"}],"replies":[{"embeddable":true,"href":"https:\/\/www.upo.es\/diario\/wp-json\/wp\/v2\/comments?post=16619537"}],"version-history":[{"count":15,"href":"https:\/\/www.upo.es\/diario\/wp-json\/wp\/v2\/posts\/16619537\/revisions"}],"predecessor-version":[{"id":16639476,"href":"https:\/\/www.upo.es\/diario\/wp-json\/wp\/v2\/posts\/16619537\/revisions\/16639476"}],"wp:attachment":[{"href":"https:\/\/www.upo.es\/diario\/wp-json\/wp\/v2\/media?parent=16619537"}],"wp:term":[{"taxonomy":"category","embeddable":true,"href":"https:\/\/www.upo.es\/diario\/wp-json\/wp\/v2\/categories?post=16619537"},{"taxonomy":"post_tag","embeddable":true,"href":"https:\/\/www.upo.es\/diario\/wp-json\/wp\/v2\/tags?post=16619537"}],"curies":[{"name":"wp","href":"https:\/\/api.w.org\/{rel}","templated":true}]}}