{"id":16639466,"date":"2016-11-28T01:55:43","date_gmt":"2016-11-28T01:55:43","guid":{"rendered":"https:\/\/www.upo.es\/diario\/?p=16639466"},"modified":"2016-11-28T15:08:16","modified_gmt":"2016-11-28T15:08:16","slug":"mesa-redonda-sobre-experiencias-profesionales-con-personas-inmigrantes-residentes-en-espana","status":"publish","type":"post","link":"https:\/\/www.upo.es\/diario\/institucional\/2016\/11\/mesa-redonda-sobre-experiencias-profesionales-con-personas-inmigrantes-residentes-en-espana\/","title":{"rendered":"Mesa redonda sobre experiencias profesionales con personas inmigrantes residentes en Espa\u00f1a"},"content":{"rendered":"<figure id=\"attachment_167028\" aria-describedby=\"caption-attachment-167028\" style=\"width: 600px\" class=\"wp-caption aligncenter\"><a href=\"https:\/\/www.upo.es\/diario\/wp-content\/uploads\/2016\/11\/presentacionlibro.jpg\"><img loading=\"lazy\" decoding=\"async\" class=\"size-large wp-image-16702823\" alt=\"presentacionlibro\" src=\"https:\/\/www.upo.es\/diario\/wp-content\/uploads\/2016\/11\/presentacionlibro-600x400.jpg\" width=\"600\" height=\"400\" srcset=\"https:\/\/www.upo.es\/diario\/wp-content\/uploads\/2016\/11\/presentacionlibro-600x400.jpg 600w, https:\/\/www.upo.es\/diario\/wp-content\/uploads\/2016\/11\/presentacionlibro-320x213.jpg 320w\" sizes=\"auto, (max-width: 600px) 100vw, 600px\" \/><\/a><figcaption id=\"caption-attachment-167028\" class=\"wp-caption-text\">Presentaci\u00f3n del libro \u201cEspa\u00f1a. De pa\u00eds de emigraci\u00f3n a pa\u00eds de inmigraci\u00f3n\u201d<\/figcaption><\/figure>\n<p style=\"text-align: center;\">Esta ma\u00f1ana se ha celebrado en la Universidad Pablo de Olavide, la mesa redonda <b>\u201cExperiencias profesionales con personas inmigrantes residentes en Espa\u00f1a. Una mirada desde la perspectiva emocional\u201d<\/b>, organizada por el Departamento de Trabajo Social y Servicios Sociales de esta universidad.<\/p>\n<p>En este encuentro, los asistentes han podido escuchar las experiencias de Victoria Vidal Fern\u00e1ndez, abogada experta en extranjer\u00eda; Jes\u00fas Guti\u00e9rrez Palacios, miembro de la Fundaci\u00f3n Proyecto Don Bosco; Valent\u00edn M\u00e1rquez Luna, miembro de m\u00e9dicos del Mundo; Manuel Blanco Fern\u00e1ndez, miembro de la asociaci\u00f3n de bomberos PROEMAID que prestan ayuda a los refugiados en Lesbos, y el relato de un menor no acompa\u00f1ado.<\/p>\n<p>En el marco de esta mesa redonda, se ha presentado el libro <b>\u201cEspa\u00f1a. De pa\u00eds de emigraci\u00f3n a pa\u00eds de inmigraci\u00f3n\u201d<\/b>, cuyos autores son las profesoras del Departamento de Trabajo Social de la UPO Concepci\u00f3n Nieto-Morales y Mar\u00eda Josefa V\u00e1zquez Fern\u00e1ndez, y el profesor del Departamento de Estudios \u00c1rabes e Isl\u00e1micos de la Universidad Complutense de Madrid Mohammed Dahiri. El acto de presentaci\u00f3n ha corrido a cargo de Mar\u00eda Rosa Herrera, directora del Departamento de Trabajo Social de esta universidad.<\/p>\n<p>Este libro relata la experiencia vivida por inmigrantes residentes en Espa\u00f1a desde que inician su periplo hasta el momento presente, con especial mirada en los sentimientos vividos y la situaci\u00f3n de vulnerabilidad y riesgo social que pueden presentar la mayor parte de estas personas que emprenden un viaje de forma irregular, aunque tambi\u00e9n refleja aquellos que emigran de forma regular. Para los autores es importante destacar el enfoque humano y de sentimientos \u00edntimamente relacionado con las aportaciones cient\u00edfico-sociales que pone de manifiesto la necesidad de integraci\u00f3n de las necesidades que requieren respuesta compleja.<\/p>\n","protected":false},"excerpt":{"rendered":"<p>Se ha presentado el libro \u201cEspa\u00f1a. De pa\u00eds de emigraci\u00f3n a pa\u00eds de inmigraci\u00f3n\u201d cuyos autores son las profesoras del Departamento de Trabajo Social de la UPO Concepci\u00f3n Nieto-Morales y Mar\u00eda Josefa V\u00e1zquez Fern\u00e1ndez, y el profesor de la UCM Mohammed Dahiri.<\/p>\n","protected":false},"author":6,"featured_media":0,"comment_status":"closed","ping_status":"open","sticky":false,"template":"","format":"standard","meta":{"_monsterinsights_skip_tracking":false,"_monsterinsights_sitenote_active":false,"_monsterinsights_sitenote_note":"","_monsterinsights_sitenote_category":0,"footnotes":""},"categories":[6,77],"tags":[285,953,333,221,334],"class_list":["post-16639466","post","type-post","status-publish","format-standard","hentry","category-institucional","category-libros","tag-espana","tag-inmigracion","tag-libro","tag-mesa-redonda","tag-presentacion"],"_links":{"self":[{"href":"https:\/\/www.upo.es\/diario\/wp-json\/wp\/v2\/posts\/16639466","targetHints":{"allow":["GET"]}}],"collection":[{"href":"https:\/\/www.upo.es\/diario\/wp-json\/wp\/v2\/posts"}],"about":[{"href":"https:\/\/www.upo.es\/diario\/wp-json\/wp\/v2\/types\/post"}],"author":[{"embeddable":true,"href":"https:\/\/www.upo.es\/diario\/wp-json\/wp\/v2\/users\/6"}],"replies":[{"embeddable":true,"href":"https:\/\/www.upo.es\/diario\/wp-json\/wp\/v2\/comments?post=16639466"}],"version-history":[{"count":6,"href":"https:\/\/www.upo.es\/diario\/wp-json\/wp\/v2\/posts\/16639466\/revisions"}],"predecessor-version":[{"id":16702827,"href":"https:\/\/www.upo.es\/diario\/wp-json\/wp\/v2\/posts\/16639466\/revisions\/16702827"}],"wp:attachment":[{"href":"https:\/\/www.upo.es\/diario\/wp-json\/wp\/v2\/media?parent=16639466"}],"wp:term":[{"taxonomy":"category","embeddable":true,"href":"https:\/\/www.upo.es\/diario\/wp-json\/wp\/v2\/categories?post=16639466"},{"taxonomy":"post_tag","embeddable":true,"href":"https:\/\/www.upo.es\/diario\/wp-json\/wp\/v2\/tags?post=16639466"}],"curies":[{"name":"wp","href":"https:\/\/api.w.org\/{rel}","templated":true}]}}