{"id":1666470,"date":"2013-09-27T14:10:40","date_gmt":"2013-09-27T14:10:40","guid":{"rendered":"https:\/\/www.upo.es\/diario\/?p=1666470"},"modified":"2013-10-01T13:55:49","modified_gmt":"2013-10-01T13:55:49","slug":"apertura-oficial-del-curso-20132014-en-la-universidad-pablo-de-olavide","status":"publish","type":"post","link":"https:\/\/www.upo.es\/diario\/institucional\/2013\/09\/apertura-oficial-del-curso-20132014-en-la-universidad-pablo-de-olavide\/","title":{"rendered":"Apertura oficial del Curso 2013\/2014 en la Universidad Pablo de Olavide"},"content":{"rendered":"<figure id=\"attachment_1666471\" aria-describedby=\"caption-attachment-1666471\" style=\"width: 320px\" class=\"wp-caption alignright\"><a href=\"https:\/\/www.upo.es\/diario\/wp-content\/uploads\/2013\/09\/upo1.jpg\"><img loading=\"lazy\" decoding=\"async\" class=\"size-medium wp-image-1666471\" alt=\"De izquierda a derecha, el rector de la US, Antonio Ram\u00edrez de Arellano, el rector de la UPO, Vicente Guzm\u00e1n, y el rector de la UNIA, Juan Manuel Su\u00e1rez Jap\u00f3n.\" src=\"https:\/\/www.upo.es\/diario\/wp-content\/uploads\/2013\/09\/upo1-320x226.jpg\" width=\"320\" height=\"226\" srcset=\"https:\/\/www.upo.es\/diario\/wp-content\/uploads\/2013\/09\/upo1-320x226.jpg 320w, https:\/\/www.upo.es\/diario\/wp-content\/uploads\/2013\/09\/upo1-1024x724.jpg 1024w, https:\/\/www.upo.es\/diario\/wp-content\/uploads\/2013\/09\/upo1-600x424.jpg 600w\" sizes=\"auto, (max-width: 320px) 100vw, 320px\" \/><\/a><figcaption id=\"caption-attachment-1666471\" class=\"wp-caption-text\">De izquierda a derecha, el rector de la US, Antonio Ram\u00edrez de Arellano, el rector de la UPO, Vicente Guzm\u00e1n, y el rector de la UNIA, Juan Manuel Su\u00e1rez Jap\u00f3n.<\/figcaption><\/figure>\n<p>La Universidad Pablo de Olavide ha acogido este mediod\u00eda la celebraci\u00f3n de la solemne apertura oficial del nuevo curso 2013-2014, en el que la UPO cuenta con 11.000 alumnos de grado, 2.000 en postgrado y otros 2.500 en los distintos programas de formaci\u00f3n continua, y es la universidad andaluza que ha experimentado un mayor aumento en el n\u00famero de matriculados, un 7,1% m\u00e1s. En este nuevo curso, la Olavide oferta 31 titulaciones (21 grados y 10 dobles grados), 40 masters universitarios y 9 doctorados.<\/p>\n<p>La apertura del acto, que ha estado presidido por el rector Vicente Guzm\u00e1n Fluja, se ha iniciado con la lectura de la Memoria del curso pasado por parte del secretario general de la Universidad Pablo de Olavide, Jos\u00e9 Antonio Colmenero Guerra.<\/p>\n<p>Seguidamente, el catedr\u00e1tico de Geograf\u00eda Humana de la Universidad Pablo de Olavide y rector de la Universidad Internacional de Andaluc\u00eda, Juan Manuel Su\u00e1rez Jap\u00f3n, ha pronunciado la Lecci\u00f3n Inaugural <b>\u201cLos fundamentos geogr\u00e1ficos de una singular experiencia hist\u00f3rica: La Misi\u00f3n Keicho\u201d<\/b> , en la que el profesor ha realizado un recorrido geogr\u00e1fico, hist\u00f3rico y literario de la misi\u00f3n que parti\u00f3 de Jap\u00f3n en el siglo XVII y que desembarc\u00f3 en Coria del R\u00edo tras un largo viaje y a la que se le atribuye el apellido Jap\u00f3n que puebla en la actualidad este municipio sevillano del Bajo Guadalquivir.<\/p>\n<figure id=\"attachment_1666472\" aria-describedby=\"caption-attachment-1666472\" style=\"width: 320px\" class=\"wp-caption alignleft\"><a href=\"https:\/\/www.upo.es\/diario\/wp-content\/uploads\/2013\/09\/upo2.jpg\"><img loading=\"lazy\" decoding=\"async\" class=\"size-medium wp-image-1666472\" alt=\"De izquierda a derecha, la vicerrectora de Cultura, Participaci\u00f3n y Compromiso Social, Elodia Hern\u00e1ndez Le\u00f3n, el rector de la US, Antonio Ram\u00edrez de Arellano, el delegado del Gobierno andaluz en Sevilla, Francisco Javier Fern\u00e1ndez, el rector Vicente Guzm\u00e1n, la presidenta del Consejo Social de la UPO, Amparo Rubiales, el rector de la UNIA, Juan Manuel Su\u00e1rez Jap\u00f3n, y el secretario general de la UPO, Jos\u00e9 Antonio Colmenero.\" src=\"https:\/\/www.upo.es\/diario\/wp-content\/uploads\/2013\/09\/upo2-320x213.jpg\" width=\"320\" height=\"213\" srcset=\"https:\/\/www.upo.es\/diario\/wp-content\/uploads\/2013\/09\/upo2-320x213.jpg 320w, https:\/\/www.upo.es\/diario\/wp-content\/uploads\/2013\/09\/upo2-1024x682.jpg 1024w, https:\/\/www.upo.es\/diario\/wp-content\/uploads\/2013\/09\/upo2-600x400.jpg 600w\" sizes=\"auto, (max-width: 320px) 100vw, 320px\" \/><\/a><figcaption id=\"caption-attachment-1666472\" class=\"wp-caption-text\">De izquierda a derecha, la vicerrectora de Cultura, Participaci\u00f3n y Compromiso Social, Elodia Hern\u00e1ndez Le\u00f3n, el rector de la US, Antonio Ram\u00edrez de Arellano, el delegado del Gobierno andaluz en Sevilla, Francisco Javier Fern\u00e1ndez, el rector Vicente Guzm\u00e1n, la presidenta del Consejo Social de la UPO, Amparo Rubiales, el rector de la UNIA, Juan Manuel Su\u00e1rez Jap\u00f3n, y el secretario general de la UPO, Jos\u00e9 Antonio Colmenero.<\/figcaption><\/figure>\n<p>Tras la lecci\u00f3n inaugural, el rector Vicente Guzm\u00e1n ha hecho entrega de los Premios Extraordinarios de Doctorado 2011\/2012 a los doctores de la UPO Yuniesky Andrade Talavera, Pablo Jes\u00fas Caballero Blanco, Borja del Pozo Cruz, Norberto D\u00edaz D\u00edaz, Rosa Mar\u00eda D\u00edaz Jim\u00e9nez, Francisco de As\u00eds G\u00e1mez M\u00e1rquez, Jos\u00e9 Pablo Gonz\u00e1lez V\u00e1zquez, Paola Mar\u00eda Hurtado Castillo, Pedro Jim\u00e9nez Mej\u00edas, Mar\u00eda Teresa Jurado Parras, Pilar Auxiliadora Moreno Crespo, Mar\u00eda Amapola Povedano D\u00edaz, Elisabet Rodr\u00edguez Bies, Silvia Salas Pino, Francisca Jes\u00fas S\u00e1nchez S\u00e1nchez, Sara Santa-Cruz Calvo, Montserrat Vargas Vergara, Gabriele Vestri, y Francisco Javier Zamora Rodr\u00edguez.<\/p>\n<p><b>DISCURSO DEL RECTOR VICENTE GUZM\u00c1N<\/b><\/p>\n<p>A continuaci\u00f3n, el rector Vicente Guzm\u00e1n ha pronunciado el Discurso de Apertura, en el que ha se\u00f1alado que \u201ccomenzamos un curso acad\u00e9mico crucial\u201d, un momento hist\u00f3rico que determinar\u00e1 el porvenir de la ense\u00f1anza p\u00fablica superior. \u201cDe la suerte que corra la Universidad depender\u00e1, en buena medida, la suerte de la sociedad y de las personas que la integramos, es decir, de todos\u201d, pues \u201csi falla el pilar de la educaci\u00f3n superior p\u00fablica y todo lo que demostradamente genera en formaci\u00f3n, investigaci\u00f3n, transformaci\u00f3n, igualdad de oportunidades, la situaci\u00f3n ser\u00e1 cercana a lo irreversible\u201d.<\/p>\n<p>El rector, que se ha mostrado \u201cplenamente consciente de la realidad en la que estamos\u201d, ha se\u00f1alado no obstante que \u201cla Universidad espa\u00f1ola necesita una reformulaci\u00f3n en aspectos importantes, pero sin \u00a0aprovechar un contexto de recursos menguantes para proponer un cambio radical de modelo que discute y pone en entredicho el sistema espa\u00f1ol de ense\u00f1anza superior basado en la predominancia de la universidad p\u00fablica que, pese a lo que pretenden vender algunos, tiene valores a los que no podemos renunciar\u201d.<\/p>\n<figure id=\"attachment_1666473\" aria-describedby=\"caption-attachment-1666473\" style=\"width: 320px\" class=\"wp-caption alignright\"><a href=\"https:\/\/www.upo.es\/diario\/wp-content\/uploads\/2013\/09\/upo3.jpg\"><img loading=\"lazy\" decoding=\"async\" class=\"size-medium wp-image-1666473\" alt=\"Imagen del Acto de Apertura celebrado en el d\u00eda de hoy. \" src=\"https:\/\/www.upo.es\/diario\/wp-content\/uploads\/2013\/09\/upo3-320x213.jpg\" width=\"320\" height=\"213\" srcset=\"https:\/\/www.upo.es\/diario\/wp-content\/uploads\/2013\/09\/upo3-320x213.jpg 320w, https:\/\/www.upo.es\/diario\/wp-content\/uploads\/2013\/09\/upo3-1024x682.jpg 1024w, https:\/\/www.upo.es\/diario\/wp-content\/uploads\/2013\/09\/upo3-600x400.jpg 600w\" sizes=\"auto, (max-width: 320px) 100vw, 320px\" \/><\/a><figcaption id=\"caption-attachment-1666473\" class=\"wp-caption-text\">Imagen del acto de apertura celebrado en el d\u00eda de hoy.<\/figcaption><\/figure>\n<p>Por ello, Vicente Guzm\u00e1n ha hecho un llamamiento a la apertura de v\u00edas de di\u00e1logo \u201csinceras y s\u00f3lidas, no meramente formales\u201d para poner sobre la mesa todos los temas que afectan a la Universidad espa\u00f1ola y articularlos en un sistema mejor que el actual. \u201cEl di\u00e1logo y el respeto no s\u00f3lo es posible, sino que es nuestra obligaci\u00f3n\u201d, ha dicho el rector.<\/p>\n<p>Se ha referido tambi\u00e9n Vicente Guzm\u00e1n al grav\u00edsimo problema de tesorer\u00eda de las universidades p\u00fablicas andaluzas, y ha se\u00f1alado que \u201cnos consta la buena voluntad del Gobierno andaluz y que se est\u00e1 trabajando en ello, pero es fundamental que este problema se solucione ya\u201d, y ha vuelto a reclamar un cambio en el modelo de financiaci\u00f3n \u201cque ha producido disfunciones afectando con m\u00e1s intensidad a las universidades m\u00e1s peque\u00f1as\u201d. Por ello, el rector de la UPO ha subrayado que \u201cnecesitamos un nuevo modelo de financiaci\u00f3n y necesitamos dise\u00f1arlo cuanto antes para tener una razonable seguridad\u201d.<\/p>\n<p>Asimismo, el rector ha tenido un emocionado recuerdo para la rectora Rosario Valpuesta, fallecida este curso acad\u00e9mico, \u201cverdadera art\u00edfice del proyecto f\u00edsico, intelectual y de valores que es nuestra Universidad, la Universidad Pablo de Olavide\u201d. Adem\u00e1s ha recordado Vicente Guzm\u00e1n a la presidenta del Consejo Social de la UPO, Carmen Calleja, fallecida tambi\u00e9n este curso.<\/p>\n<p>Finalmente, el rector ha declarado inaugurado el curso 2013\/2014 en la Universidad Pablo de Olavide, de Sevilla.<\/p>\n<p>&nbsp;<\/p>\n<p>&nbsp;<\/p>\n<p>&nbsp;<\/p>\n","protected":false},"excerpt":{"rendered":"<p>La Universidad Pablo de Olavide ha acogido este mediod\u00eda la celebraci\u00f3n de la solemne apertura oficial del nuevo curso 2013-2014, en el que la UPO cuenta con 11.000 alumnos de grado, 2.000 en postgrado y otros 2.500 en los distintos programas de formaci\u00f3n continua, y es la universidad andaluza que ha experimentado un mayor aumento en el n\u00famero de matriculados, un 7,1% m\u00e1s. En este nuevo curso, la Olavide oferta 31 titulaciones (21 grados y 10 dobles grados), 40 masters universitarios y 9 doctorados.<\/p>\n","protected":false},"author":2,"featured_media":0,"comment_status":"closed","ping_status":"open","sticky":false,"template":"","format":"standard","meta":{"_monsterinsights_skip_tracking":false,"_monsterinsights_sitenote_active":false,"_monsterinsights_sitenote_note":"","_monsterinsights_sitenote_category":0,"footnotes":""},"categories":[6],"tags":[105,349,38,502,491],"class_list":["post-1666470","post","type-post","status-publish","format-standard","hentry","category-institucional","tag-curso-2013-2014","tag-inauguracion","tag-rector","tag-universidad","tag-upo"],"_links":{"self":[{"href":"https:\/\/www.upo.es\/diario\/wp-json\/wp\/v2\/posts\/1666470","targetHints":{"allow":["GET"]}}],"collection":[{"href":"https:\/\/www.upo.es\/diario\/wp-json\/wp\/v2\/posts"}],"about":[{"href":"https:\/\/www.upo.es\/diario\/wp-json\/wp\/v2\/types\/post"}],"author":[{"embeddable":true,"href":"https:\/\/www.upo.es\/diario\/wp-json\/wp\/v2\/users\/2"}],"replies":[{"embeddable":true,"href":"https:\/\/www.upo.es\/diario\/wp-json\/wp\/v2\/comments?post=1666470"}],"version-history":[{"count":8,"href":"https:\/\/www.upo.es\/diario\/wp-json\/wp\/v2\/posts\/1666470\/revisions"}],"predecessor-version":[{"id":1693726,"href":"https:\/\/www.upo.es\/diario\/wp-json\/wp\/v2\/posts\/1666470\/revisions\/1693726"}],"wp:attachment":[{"href":"https:\/\/www.upo.es\/diario\/wp-json\/wp\/v2\/media?parent=1666470"}],"wp:term":[{"taxonomy":"category","embeddable":true,"href":"https:\/\/www.upo.es\/diario\/wp-json\/wp\/v2\/categories?post=1666470"},{"taxonomy":"post_tag","embeddable":true,"href":"https:\/\/www.upo.es\/diario\/wp-json\/wp\/v2\/tags?post=1666470"}],"curies":[{"name":"wp","href":"https:\/\/api.w.org\/{rel}","templated":true}]}}