{"id":16701981,"date":"2016-11-29T23:37:32","date_gmt":"2016-11-29T23:37:32","guid":{"rendered":"https:\/\/www.upo.es\/diario\/?p=16701981"},"modified":"2016-11-30T07:47:52","modified_gmt":"2016-11-30T07:47:52","slug":"manana-comienza-en-la-upo-el-curso-de-formacion-los-residuos-y-su-reciclaje-gestion-y-educacion-ambiental","status":"publish","type":"post","link":"https:\/\/www.upo.es\/diario\/institucional\/2016\/11\/manana-comienza-en-la-upo-el-curso-de-formacion-los-residuos-y-su-reciclaje-gestion-y-educacion-ambiental\/","title":{"rendered":"Comienza en la UPO el curso de formaci\u00f3n \u201cLos residuos y su reciclaje: gesti\u00f3n y educaci\u00f3n ambiental\u201d"},"content":{"rendered":"<p><a href=\"https:\/\/www.upo.es\/diario\/wp-content\/uploads\/2016\/11\/Cartel_curso_formacion_UPO.jpg\"><img loading=\"lazy\" decoding=\"async\" class=\"alignright size-medium wp-image-16701982\" alt=\"Cartel_curso_formacion_UPO\" src=\"https:\/\/www.upo.es\/diario\/wp-content\/uploads\/2016\/11\/Cartel_curso_formacion_UPO-221x320.jpg\" width=\"221\" height=\"320\" srcset=\"https:\/\/www.upo.es\/diario\/wp-content\/uploads\/2016\/11\/Cartel_curso_formacion_UPO-221x320.jpg 221w, https:\/\/www.upo.es\/diario\/wp-content\/uploads\/2016\/11\/Cartel_curso_formacion_UPO-415x600.jpg 415w, https:\/\/www.upo.es\/diario\/wp-content\/uploads\/2016\/11\/Cartel_curso_formacion_UPO-600x865.jpg 600w, https:\/\/www.upo.es\/diario\/wp-content\/uploads\/2016\/11\/Cartel_curso_formacion_UPO.jpg 750w\" sizes=\"auto, (max-width: 221px) 100vw, 221px\" \/><\/a>Hoy \u00a0martes a las 10 horas, en el aula 106 del edificio 45 de la Universidad Pablo de Olavide, Roc\u00edo C\u00e1rdenas, directora general de Programaci\u00f3n Cultural y Social del Vicerrectorado de Cultura y Compromiso Social de la UPO y Soledad Mellado, del departamento de Gesti\u00f3n de Espacios Naturales Protegidos de la Delegaci\u00f3n Territorial de Sevilla, Consejer\u00eda de Medio Ambiente y Ordenaci\u00f3n del Territorio, inauguran <b>el curso de formaci\u00f3n \u201cLos residuos y su reciclaje: gesti\u00f3n y educaci\u00f3n ambiental\u201d<\/b>, que se celebrar\u00e1 en la UPO los d\u00edas 29 y 30 de noviembre y 1 de diciembre.<\/p>\n<p>Este curso de formaci\u00f3n se enmarca dentro del programa de educaci\u00f3n ambiental sobre residuos y reciclaje, RECAPACICLA, organizado por\u00a0la Consejer\u00eda de Medio Ambiente y Ordenaci\u00f3n del Territorio, en colaboraci\u00f3n con la FAMP, Ecoembes y Ecovidrio y las universidades de Andaluc\u00eda.<\/p>\n<p>El objetivo de este programa es conseguir la implicaci\u00f3n de toda la comunidad universitaria en la reducci\u00f3n, reutilizaci\u00f3n y\u00a0reciclaje de sus residuos y promover la recogida selectiva y selecci\u00f3n de vidrio, envases y residuos de envases. Al mismo tiempo, se pretende sensibilizar y concienciar ante el impacto ambiental de la generaci\u00f3n de los residuos y las medidas proambientales que podemos desarrollar para minimizarlo.<\/p>\n<p>El curso se estructura en<strong> sesiones te\u00f3rico-pr\u00e1cticas impartidas los d\u00edas 29 y 30 de noviembre<\/strong> por profesores y por t\u00e9cnicos de la Administraci\u00f3n, asociaciones y empresas especializadas tales como Pedro Fern\u00e1ndez, director general de Prevenci\u00f3n y Calidad Ambiental; el profesor Antonio Rosal del departamento de Biolog\u00eda Molecular e Ingenier\u00eda Bioqu\u00edmica de la UPO; Inmaculada P\u00e9rez de Ecoembalajes Espa\u00f1a, entre otros. El jueves, 1 de diciembre, se realizar\u00e1 una visita a la planta de reciclaje de vidrio de \u201cRecuperadora Andaluza de Vidrio, S.A.\u201d y la planta de tratamiento de residuos y compostaje \u201cMontemarta-C\u00f3nica\u201d.<\/p>\n<p>&nbsp;<\/p>\n<p><a href=\"http:\/\/www.juntadeandalucia.es\/medioambiente\/portal_web\/servicios_generales\/agenda\/eventos_2016\/recapacicla\/recapacicla_univ_2016_2017\/upo\/recapacicla_curso_upo.pdf\">PROGRAMA<\/a><\/p>\n<p>&nbsp;<\/p>\n","protected":false},"excerpt":{"rendered":"<p>El objetivo de este programa es conseguir la implicaci\u00f3n de toda la comunidad universitaria en la reducci\u00f3n, reutilizaci\u00f3n y reciclaje de sus residuos y promover la recogida selectiva y selecci\u00f3n de vidrio, envases y residuos de envases. Al mismo tiempo, se pretende sensibilizar y concienciar ante el impacto ambiental de la generaci\u00f3n de los residuos y las medidas proambientales que podemos desarrollar para minimizarlo. <\/p>\n","protected":false},"author":4,"featured_media":0,"comment_status":"closed","ping_status":"open","sticky":false,"template":"","format":"standard","meta":{"_monsterinsights_skip_tracking":false,"_monsterinsights_sitenote_active":false,"_monsterinsights_sitenote_note":"","_monsterinsights_sitenote_category":0,"footnotes":""},"categories":[6],"tags":[3724,1183,3316,447],"class_list":["post-16701981","post","type-post","status-publish","format-standard","hentry","category-institucional","tag-curso-de-formacion","tag-educacion-ambiental","tag-recapacicla","tag-reciclaje"],"_links":{"self":[{"href":"https:\/\/www.upo.es\/diario\/wp-json\/wp\/v2\/posts\/16701981","targetHints":{"allow":["GET"]}}],"collection":[{"href":"https:\/\/www.upo.es\/diario\/wp-json\/wp\/v2\/posts"}],"about":[{"href":"https:\/\/www.upo.es\/diario\/wp-json\/wp\/v2\/types\/post"}],"author":[{"embeddable":true,"href":"https:\/\/www.upo.es\/diario\/wp-json\/wp\/v2\/users\/4"}],"replies":[{"embeddable":true,"href":"https:\/\/www.upo.es\/diario\/wp-json\/wp\/v2\/comments?post=16701981"}],"version-history":[{"count":7,"href":"https:\/\/www.upo.es\/diario\/wp-json\/wp\/v2\/posts\/16701981\/revisions"}],"predecessor-version":[{"id":16737016,"href":"https:\/\/www.upo.es\/diario\/wp-json\/wp\/v2\/posts\/16701981\/revisions\/16737016"}],"wp:attachment":[{"href":"https:\/\/www.upo.es\/diario\/wp-json\/wp\/v2\/media?parent=16701981"}],"wp:term":[{"taxonomy":"category","embeddable":true,"href":"https:\/\/www.upo.es\/diario\/wp-json\/wp\/v2\/categories?post=16701981"},{"taxonomy":"post_tag","embeddable":true,"href":"https:\/\/www.upo.es\/diario\/wp-json\/wp\/v2\/tags?post=16701981"}],"curies":[{"name":"wp","href":"https:\/\/api.w.org\/{rel}","templated":true}]}}