{"id":16702817,"date":"2016-11-29T07:42:48","date_gmt":"2016-11-29T07:42:48","guid":{"rendered":"https:\/\/www.upo.es\/diario\/?p=16702817"},"modified":"2016-11-29T08:07:34","modified_gmt":"2016-11-29T08:07:34","slug":"suffragette-abre-manana-el-i-ciclo-de-cineforum-feminista-sororidad-ayer-y-hoy-lo-personal-es-politico","status":"publish","type":"post","link":"https:\/\/www.upo.es\/diario\/cultura\/2016\/11\/suffragette-abre-manana-el-i-ciclo-de-cineforum-feminista-sororidad-ayer-y-hoy-lo-personal-es-politico\/","title":{"rendered":"\u201cSuffragette\u201d abre hoy el I Ciclo de Cinef\u00f3rum Feminista \u201cSororidad ayer y hoy: lo personal es pol\u00edtico\u201d"},"content":{"rendered":"<p style=\"text-align: justify;\"><a href=\"https:\/\/www.upo.es\/diario\/wp-content\/uploads\/2016\/11\/CINEF\u00d3RUM-FEM-I.jpg\"><img loading=\"lazy\" decoding=\"async\" class=\"alignright size-medium wp-image-16702818\" alt=\"CINEF\u00d3RUM FEM I\" src=\"https:\/\/www.upo.es\/diario\/wp-content\/uploads\/2016\/11\/CINEF\u00d3RUM-FEM-I-285x320.jpg\" width=\"285\" height=\"320\" srcset=\"https:\/\/www.upo.es\/diario\/wp-content\/uploads\/2016\/11\/CINEF\u00d3RUM-FEM-I-285x320.jpg 285w, https:\/\/www.upo.es\/diario\/wp-content\/uploads\/2016\/11\/CINEF\u00d3RUM-FEM-I-535x600.jpg 535w, https:\/\/www.upo.es\/diario\/wp-content\/uploads\/2016\/11\/CINEF\u00d3RUM-FEM-I-600x671.jpg 600w, https:\/\/www.upo.es\/diario\/wp-content\/uploads\/2016\/11\/CINEF\u00d3RUM-FEM-I.jpg 720w\" sizes=\"auto, (max-width: 285px) 100vw, 285px\" \/><\/a>Hoy martes,<strong> a las 18:00 horas en el aula B10 del edificio 45<\/strong> de la Universidad Pablo de Olavide, dar\u00e1 comienzo el <b>I Ciclo de Cinef\u00f3rum Feminista \u201cSororidad ayer y hoy: lo personal es pol\u00edtico\u201d <\/b>con la \u00a0proyecci\u00f3n de la pel\u00edcula <b>\u201cSufragette\u201d<\/b>, de la directora Sarah Gavron (2015). Tras la proyecci\u00f3n se abrir\u00e1 un debate que estar\u00e1 moderado por la profesora Marian P\u00e9rez Bernal del Departamento de Geograf\u00eda, Historia y Filosof\u00eda de la UPO.<\/p>\n<p style=\"text-align: justify;\">El hilo conductor de este cinef\u00f3rum es <i>las voces de las mujeres<\/i>, con el fin de visibilizar las muchas y diversas luchas que \u00e9stas protagonizan. As\u00ed, a este primer ciclo le suceder\u00e1n otros con la aspiraci\u00f3n de construir un espacio para la sensibilizaci\u00f3n y la reflexi\u00f3n que componga una visi\u00f3n compleja de las diversidades desde los feminismos. La entrada es libre hasta completar aforo.<\/p>\n<p style=\"text-align: justify;\">La pr\u00f3xima sesi\u00f3n ser\u00e1 el 13 de diciembre con la proyecci\u00f3n de la pel\u00edcula \u201cMustang\u201d dirigida por Deniz G. Erg\u00fcven.<\/p>\n<p style=\"text-align: justify;\">Esta actividad est\u00e1 organizada por el Observatorio GEP&amp;DO de G\u00e9nero sobre Econom\u00eda, Pol\u00edtica y Desarrollo, con sede en la Universidad Pablo de Olavide, y cuyo objetivo es crear un espacio para la investigaci\u00f3n, la reflexi\u00f3n cr\u00edtica y el intercambio de conocimientos y saberes sobre igualdad de g\u00e9nero. Conformado por investigadoras y docentes con diferentes trayectorias profesionales, el Observatorio pretende alimentar los debates actuales sobre econom\u00eda, pol\u00edticas p\u00fablicas y desarrollo desde una perspectiva feminista. Igualmente, tiene como finalidad contribuir al trabajo pro igualdad de g\u00e9nero a trav\u00e9s de la colaboraci\u00f3n con organizaciones de la sociedad civil e instituciones p\u00fablicas tanto a escala local y regional como nacional e internacional.<\/p>\n<p>&nbsp;<\/p>\n<p>&nbsp;<\/p>\n","protected":false},"excerpt":{"rendered":"<p>El hilo conductor de este cinef\u00f3rum es las voces de las mujeres, con el fin de visibilizar las muchas y diversas luchas que \u00e9stas protagonizan. As\u00ed, a este primer ciclo le suceder\u00e1n otros con la aspiraci\u00f3n de construir un espacio para la sensibilizaci\u00f3n y la reflexi\u00f3n que componga una visi\u00f3n compleja de las diversidades desde los feminismos. La entrada es libre hasta completar aforo. <\/p>\n","protected":false},"author":4,"featured_media":0,"comment_status":"closed","ping_status":"open","sticky":false,"template":"","format":"standard","meta":{"_monsterinsights_skip_tracking":false,"_monsterinsights_sitenote_active":false,"_monsterinsights_sitenote_note":"","_monsterinsights_sitenote_category":0,"footnotes":""},"categories":[7],"tags":[3725,559,2929],"class_list":["post-16702817","post","type-post","status-publish","format-standard","hentry","category-cultura","tag-ciclo-cineforum","tag-feministas","tag-observatorio-gepdo"],"_links":{"self":[{"href":"https:\/\/www.upo.es\/diario\/wp-json\/wp\/v2\/posts\/16702817","targetHints":{"allow":["GET"]}}],"collection":[{"href":"https:\/\/www.upo.es\/diario\/wp-json\/wp\/v2\/posts"}],"about":[{"href":"https:\/\/www.upo.es\/diario\/wp-json\/wp\/v2\/types\/post"}],"author":[{"embeddable":true,"href":"https:\/\/www.upo.es\/diario\/wp-json\/wp\/v2\/users\/4"}],"replies":[{"embeddable":true,"href":"https:\/\/www.upo.es\/diario\/wp-json\/wp\/v2\/comments?post=16702817"}],"version-history":[{"count":4,"href":"https:\/\/www.upo.es\/diario\/wp-json\/wp\/v2\/posts\/16702817\/revisions"}],"predecessor-version":[{"id":16716988,"href":"https:\/\/www.upo.es\/diario\/wp-json\/wp\/v2\/posts\/16702817\/revisions\/16716988"}],"wp:attachment":[{"href":"https:\/\/www.upo.es\/diario\/wp-json\/wp\/v2\/media?parent=16702817"}],"wp:term":[{"taxonomy":"category","embeddable":true,"href":"https:\/\/www.upo.es\/diario\/wp-json\/wp\/v2\/categories?post=16702817"},{"taxonomy":"post_tag","embeddable":true,"href":"https:\/\/www.upo.es\/diario\/wp-json\/wp\/v2\/tags?post=16702817"}],"curies":[{"name":"wp","href":"https:\/\/api.w.org\/{rel}","templated":true}]}}