{"id":16760972,"date":"2016-12-01T12:49:01","date_gmt":"2016-12-01T12:49:01","guid":{"rendered":"https:\/\/www.upo.es\/diario\/?p=16760972"},"modified":"2016-12-09T12:35:26","modified_gmt":"2016-12-09T12:35:26","slug":"presentacion-de-la-i-red-ciudadana-contra-la-violencia-de-genero-de-la-universidad-pablo-de-olavide","status":"publish","type":"post","link":"https:\/\/www.upo.es\/diario\/institucional\/2016\/12\/presentacion-de-la-i-red-ciudadana-contra-la-violencia-de-genero-de-la-universidad-pablo-de-olavide\/","title":{"rendered":"Presentaci\u00f3n de la I Red Ciudadana contra la Violencia de G\u00e9nero de la Universidad Pablo de Olavide"},"content":{"rendered":"<figure id=\"attachment_16760974\" aria-describedby=\"caption-attachment-16760974\" style=\"width: 600px\" class=\"wp-caption aligncenter\"><img loading=\"lazy\" decoding=\"async\" class=\"size-large wp-image-16760974\" alt=\"Desde la izquierda, M\u00aa \u00c1ngeles Sep\u00falveda, directora general de Violencia de G\u00e9nero de la Junta de Andaluc\u00eda; Vicente Guzm\u00e1n, rector de la UPO; M\u00aa Jos\u00e9 S\u00e1nchez Rubio, consejera de Igualdad y Pol\u00edticas Sociales de la Junta de Andaluc\u00eda, y Elodia Hern\u00e1ndez, Vicerrectora de Cultura y Compromiso Social de la UPO.\" src=\"https:\/\/www.upo.es\/diario\/wp-content\/uploads\/2016\/12\/Red-Contra-Violencia-Genero-600x337.jpg\" width=\"600\" height=\"337\" srcset=\"https:\/\/www.upo.es\/diario\/wp-content\/uploads\/2016\/12\/Red-Contra-Violencia-Genero-600x337.jpg 600w, https:\/\/www.upo.es\/diario\/wp-content\/uploads\/2016\/12\/Red-Contra-Violencia-Genero-320x180.jpg 320w\" sizes=\"auto, (max-width: 600px) 100vw, 600px\" \/><figcaption id=\"caption-attachment-16760974\" class=\"wp-caption-text\">Desde la izquierda, M\u00aa \u00c1ngeles Sep\u00falveda, directora general de Violencia de G\u00e9nero de la Junta de Andaluc\u00eda; Vicente Guzm\u00e1n, rector de la UPO; M\u00aa Jos\u00e9 S\u00e1nchez Rubio, consejera de Igualdad y Pol\u00edticas Sociales de la Junta de Andaluc\u00eda, y Elodia Hern\u00e1ndez, Vicerrectora de Cultura y Compromiso Social de la UPO.<\/figcaption><\/figure>\n<p>El rector de la Universidad Pablo de Olavide, Vicente Guzm\u00e1n Fluja, y la consejera de Igualdad y Pol\u00edticas Sociales de la Junta de Andaluc\u00eda, M\u00aa Jos\u00e9 S\u00e1nchez Rubio, han presentado esta ma\u00f1ana la <b><a href=\"https:\/\/www.upo.es\/upsc\/igualdad\/red-contra-la-violencia\/\">I Red Ciudadana contra la Violencia de G\u00e9nero<\/a> <\/b>de la UPO, un paso m\u00e1s en el compromiso de esta universidad en la tarea de impulsar la perspectiva de g\u00e9nero y la cultura de igualdad de oportunidades en la docencia, la investigaci\u00f3n y la gesti\u00f3n universitaria, profundizando en el desarrollo de una pol\u00edtica universitaria de igualdad.<\/p>\n<p>El rector y la consejera han estado acompa\u00f1ados por la directora general de Violencia de G\u00e9nero de la Junta de Andaluc\u00eda, M\u00aa \u00c1ngeles Sep\u00falveda Garc\u00eda de la Torre, y la vicerrectora de Cultura y Compromiso Social, Elodia Hern\u00e1ndez Le\u00f3n.<\/p>\n<p>La iniciativa de la I Red Ciudadana contra la Violencia de G\u00e9nero de la Universidad Pablo de Olavide, coordinada por la Oficina para la Igualdad del Vicerrectorado de Cultura y Compromiso Social con la colaboraci\u00f3n del Instituto Andaluz de la Mujer de la Consejer\u00eda para la Igualdad y Pol\u00edticas Sociales de la Junta de Andaluc\u00eda, tiene como objetivo formar y sensibilizar a estudiantes y al personal docente, investigador y administrativo de la universidad en materia de violencia de g\u00e9nero, generando agentes de colaboraci\u00f3n que sepan prevenir relaciones t\u00f3xicas, detectar en su entorno casos de maltrato machista, apoyar a las v\u00edctimas para pedir ayuda y recurrir a los recursos existentes. Asimismo, la red pretende involucrar al mayor n\u00famero posible de personas para que favorezcan la sensibilizaci\u00f3n de la comunidad universitaria sobre la violencia machista.<\/p>\n<p>En la presentaci\u00f3n, el rector Vicente Guzm\u00e1n ha hecho hincapi\u00e9 en la importancia de la educaci\u00f3n y la transmisi\u00f3n de los valores en igualdad real y efectiva, \u201cpiedra angular sobre la cual se sustenta la erradicaci\u00f3n de la violencia contra las mujeres\u201d. En este sentido, el rector ha destacado las iniciativas formativas y de investigaci\u00f3n que se est\u00e1n realizando en el seno de la Universidad Pablo de Olavide, \u201cunas iniciativas que generan un conocimiento que debe ser trasmitido de manera adecuada a la sociedad para poder acabar con esta lacra\u201d.<\/p>\n<p>En esta misma l\u00ednea, Mar\u00eda Jos\u00e9 S\u00e1nchez Rubio ha resaltado la importancia de formar a estudiantes, profesores y personal de administraci\u00f3n y servicios para dar a conocer qu\u00e9 es la violencia de g\u00e9nero y sensibilizar as\u00ed sobre este problema. \u201cLa prevenci\u00f3n pasa por detectar, y para detectar hay que entender\u201d, ha afirmado la consejera.<\/p>\n<p>La I Red Ciudadana contra la Violencia de G\u00e9nero de la Universidad Pablo de Olavide se sumar\u00e1 a la red de colaboraci\u00f3n universitaria iniciada por la Universidad de Sevilla, que aspira a extenderse por toda Andaluc\u00eda y en la que participa el Instituto Andaluz de la Mujer de la Junta de Andaluc\u00eda.<\/p>\n<p>La red de la UPO, que se desarrollar\u00e1 a lo largo del curso escolar y con la que se pretende formar a 30 personas, contempla un total de 60 horas entre formaci\u00f3n presencial, online y pr\u00e1cticas. La formaci\u00f3n te\u00f3rica tendr\u00e1 una duraci\u00f3n de 45 horas estructuradas en tres momentos distintos: formaci\u00f3n conjunta (abordando fundamentalmente el \u00e1mbito legislativo y el rol de los agentes de colaboraci\u00f3n); formaci\u00f3n espec\u00edfica adaptada a cada perfil de grupo (alumnado o profesorado), tratando los aspectos sociales y psicol\u00f3gicos de la violencia de g\u00e9nero; y formaci\u00f3n online. En las horas de pr\u00e1cticas se atender\u00e1 personal o telef\u00f3nicamente a todas aquellas personas de la comunidad universitaria que considere que han sufrido o est\u00e1n sufriendo violencia de g\u00e9nero.<\/p>\n<p>En el acto tambi\u00e9n se ha presentado la <b><a href=\"https:\/\/www.upo.es\/upsc\/igualdad\/publicaciones\/\">Gu\u00eda para la prevenci\u00f3n, detecci\u00f3n y actuaci\u00f3n contra la Violencia de G\u00e9nero de la Universidad Pablo de Olavide<\/a><\/b>, que pretender ser un instrumento para identificar esta violencia y dar a conocer los recursos que existen en la Universidad Pablo de Olavide, as\u00ed como otros recursos y servicios p\u00fablicos de informaci\u00f3n, atenci\u00f3n y asesoramiento en la provincia de Sevilla.<\/p>\n<p>Esta acci\u00f3n forma parte de la <b>VI Campa\u00f1a para la Eliminaci\u00f3n de la Violencia contra las Mujeres<\/b>, un programa de actividades puesto en marcha por la UPO que comenz\u00f3 el pasado 22 de noviembre con el que se pretende promover el D\u00eda Internacional para la Eliminaci\u00f3n de la Violencia contra las Mujeres, que se conmemora el 25 de noviembre.<\/p>\n<p><iframe loading=\"lazy\" src=\"https:\/\/www.youtube.com\/embed\/RaJnt2111Qs\" height=\"338\" width=\"600\" allowfullscreen=\"\" frameborder=\"0\"><\/iframe><\/p>\n","protected":false},"excerpt":{"rendered":"<p>El rector de la Universidad Pablo de Olavide, Vicente Guzm\u00e1n Fluja, y la consejera de Igualdad y Pol\u00edticas Sociales de la Junta de Andaluc\u00eda, M\u00aa Jos\u00e9 S\u00e1nchez Rubio, han presentado  la I Red Ciudadana contra la Violencia de G\u00e9nero de la UPO, un paso m\u00e1s en el compromiso de esta universidad en la tarea de impulsar la perspectiva de g\u00e9nero y la cultura de igualdad de oportunidades en la docencia, la investigaci\u00f3n y la gesti\u00f3n universitaria, profundizando en el desarrollo de una pol\u00edtica universitaria de igualdad. <\/p>\n","protected":false},"author":2,"featured_media":0,"comment_status":"closed","ping_status":"open","sticky":false,"template":"","format":"standard","meta":{"_monsterinsights_skip_tracking":false,"_monsterinsights_sitenote_active":false,"_monsterinsights_sitenote_note":"","_monsterinsights_sitenote_category":0,"footnotes":""},"categories":[6],"tags":[465,2045,509,517,2209,1040,877,2441],"class_list":["post-16760972","post","type-post","status-publish","format-standard","hentry","category-institucional","tag-educacion","tag-eliminacion-de-la-violencia-contra-la-mujer","tag-formacion","tag-igualdad","tag-oficina-para-la-igualdad","tag-promocion-social","tag-red","tag-violencia-de-genero"],"_links":{"self":[{"href":"https:\/\/www.upo.es\/diario\/wp-json\/wp\/v2\/posts\/16760972","targetHints":{"allow":["GET"]}}],"collection":[{"href":"https:\/\/www.upo.es\/diario\/wp-json\/wp\/v2\/posts"}],"about":[{"href":"https:\/\/www.upo.es\/diario\/wp-json\/wp\/v2\/types\/post"}],"author":[{"embeddable":true,"href":"https:\/\/www.upo.es\/diario\/wp-json\/wp\/v2\/users\/2"}],"replies":[{"embeddable":true,"href":"https:\/\/www.upo.es\/diario\/wp-json\/wp\/v2\/comments?post=16760972"}],"version-history":[{"count":8,"href":"https:\/\/www.upo.es\/diario\/wp-json\/wp\/v2\/posts\/16760972\/revisions"}],"predecessor-version":[{"id":16922990,"href":"https:\/\/www.upo.es\/diario\/wp-json\/wp\/v2\/posts\/16760972\/revisions\/16922990"}],"wp:attachment":[{"href":"https:\/\/www.upo.es\/diario\/wp-json\/wp\/v2\/media?parent=16760972"}],"wp:term":[{"taxonomy":"category","embeddable":true,"href":"https:\/\/www.upo.es\/diario\/wp-json\/wp\/v2\/categories?post=16760972"},{"taxonomy":"post_tag","embeddable":true,"href":"https:\/\/www.upo.es\/diario\/wp-json\/wp\/v2\/tags?post=16760972"}],"curies":[{"name":"wp","href":"https:\/\/api.w.org\/{rel}","templated":true}]}}