{"id":17007094,"date":"2016-12-13T00:46:17","date_gmt":"2016-12-13T00:46:17","guid":{"rendered":"https:\/\/www.upo.es\/diario\/?p=17007094"},"modified":"2016-12-14T12:58:09","modified_gmt":"2016-12-14T12:58:09","slug":"la-facultad-de-ciencias-empresariales-de-la-upo-organiza-un-foro-para-abordar-la-innovacion-en-andalucia","status":"publish","type":"post","link":"https:\/\/www.upo.es\/diario\/institucional\/2016\/12\/la-facultad-de-ciencias-empresariales-de-la-upo-organiza-un-foro-para-abordar-la-innovacion-en-andalucia\/","title":{"rendered":"La Facultad de Ciencias Empresariales de la UPO organiza un foro para abordar la innovaci\u00f3n en Andaluc\u00eda"},"content":{"rendered":"<p style=\"text-align: justify;\">Ma\u00f1ana mi\u00e9rcoles, 14 de diciembre, a las 9.15 horas en la sala Multiusos del Rectorado de la Universidad Pablo de Olavide, se celebrar\u00e1 el II Desayuno Econ\u00f3mico Empresarial organizado por la Facultad de Ciencias Empresariales de la UPO.<\/p>\n<p style=\"text-align: justify;\">El acto estar\u00e1 presidido por el decano de la Facultad de Ciencias Empresariales de la UPO, Jes\u00fas Juan Cambra Fierro, el director general de la Agencia IDEA, Antonio Gonz\u00e1lez Mar\u00edn, y el director general de Endesa en Andaluc\u00eda, Francisco Arteaga Alarc\u00f3n.<\/p>\n<p style=\"text-align: justify;\">Estos desayunos pretenden convertirse en un foro de debate peri\u00f3dico que permita crear una interrelaci\u00f3n entre universidad y empresa, acercar nuestra facultad a su entorno, as\u00ed como establecer v\u00ednculos de trabajo para fomentar la innovaci\u00f3n y el progreso.<\/p>\n<p style=\"text-align: justify;\">Concretamente, en este encuentro se abordar\u00e1 la innovaci\u00f3n empresarial en Andaluc\u00eda. Este es el segundo de una serie de encuentros que con periodicidad semestral se pretenden organizar en esta facultad, analizando temas relacionados con el \u00e1mbito econ\u00f3mico y empresarial, tales como el emprendimiento, innovaci\u00f3n, internacionalizaci\u00f3n de empresas, fiscalidad, direcci\u00f3n financiera y otros m\u00e1s espec\u00edficos de sectores econ\u00f3micos como el agroalimentarios, turismo, entre otros.<\/p>\n<p style=\"text-align: justify;\">Asimismo, el foro contar\u00e1 con la participaci\u00f3n de representantes de diversas empresas como Endesa, Acesur, Montero Aramburu Abogados, Llopis, C\u00e1mara de Sevilla, Adecco, entre otras, as\u00ed como profesores de la Universidad Pablo de Olavide y colaboradores de escuelas de negocios.<\/p>\n","protected":false},"excerpt":{"rendered":"<p>Ma\u00f1ana mi\u00e9rcoles, 14 de diciembre, a las 9.15 horas en la sala Multiusos del Rectorado de la Universidad Pablo de Olavide, se celebrar\u00e1 el II Desayuno Econ\u00f3mico Empresarial organizado por la Facultad de Ciencias Empresariales de la UPO. En este encuentro se abordar\u00e1 la innovaci\u00f3n empresarial en Andaluc\u00eda.<\/p>\n","protected":false},"author":4,"featured_media":0,"comment_status":"closed","ping_status":"open","sticky":false,"template":"","format":"standard","meta":{"_monsterinsights_skip_tracking":false,"_monsterinsights_sitenote_active":false,"_monsterinsights_sitenote_note":"","_monsterinsights_sitenote_category":0,"footnotes":""},"categories":[6],"tags":[3772,360,3771,554],"class_list":["post-17007094","post","type-post","status-publish","format-standard","hentry","category-institucional","tag-desayuno-economico-empresarial","tag-facultad-de-ciencias-empresariales","tag-foro-empresarial","tag-innovacion"],"_links":{"self":[{"href":"https:\/\/www.upo.es\/diario\/wp-json\/wp\/v2\/posts\/17007094","targetHints":{"allow":["GET"]}}],"collection":[{"href":"https:\/\/www.upo.es\/diario\/wp-json\/wp\/v2\/posts"}],"about":[{"href":"https:\/\/www.upo.es\/diario\/wp-json\/wp\/v2\/types\/post"}],"author":[{"embeddable":true,"href":"https:\/\/www.upo.es\/diario\/wp-json\/wp\/v2\/users\/4"}],"replies":[{"embeddable":true,"href":"https:\/\/www.upo.es\/diario\/wp-json\/wp\/v2\/comments?post=17007094"}],"version-history":[{"count":8,"href":"https:\/\/www.upo.es\/diario\/wp-json\/wp\/v2\/posts\/17007094\/revisions"}],"predecessor-version":[{"id":17027540,"href":"https:\/\/www.upo.es\/diario\/wp-json\/wp\/v2\/posts\/17007094\/revisions\/17027540"}],"wp:attachment":[{"href":"https:\/\/www.upo.es\/diario\/wp-json\/wp\/v2\/media?parent=17007094"}],"wp:term":[{"taxonomy":"category","embeddable":true,"href":"https:\/\/www.upo.es\/diario\/wp-json\/wp\/v2\/categories?post=17007094"},{"taxonomy":"post_tag","embeddable":true,"href":"https:\/\/www.upo.es\/diario\/wp-json\/wp\/v2\/tags?post=17007094"}],"curies":[{"name":"wp","href":"https:\/\/api.w.org\/{rel}","templated":true}]}}