{"id":17025808,"date":"2016-12-14T11:29:00","date_gmt":"2016-12-14T11:29:00","guid":{"rendered":"https:\/\/www.upo.es\/diario\/?p=17025808"},"modified":"2016-12-14T11:53:08","modified_gmt":"2016-12-14T11:53:08","slug":"un-total-de-15-empresas-participan-en-el-ii-desayuno-economico-de-la-facultad-de-ciencias-empresariales-de-la-upo","status":"publish","type":"post","link":"https:\/\/www.upo.es\/diario\/institucional\/2016\/12\/un-total-de-15-empresas-participan-en-el-ii-desayuno-economico-de-la-facultad-de-ciencias-empresariales-de-la-upo\/","title":{"rendered":"Un total de 15 empresas participan en el II Desayuno Econ\u00f3mico de la Facultad de Ciencias Empresariales de la UPO"},"content":{"rendered":"<figure id=\"attachment_17025810\" aria-describedby=\"caption-attachment-17025810\" style=\"width: 600px\" class=\"wp-caption aligncenter\"><a href=\"https:\/\/www.upo.es\/diario\/wp-content\/uploads\/2016\/12\/desayunoeconomico2.jpg\"><img loading=\"lazy\" decoding=\"async\" class=\"size-large wp-image-17025810\" alt=\"m\u00e1s de 20 representantes de un total de 15 empresas han participado en el foro\" src=\"https:\/\/www.upo.es\/diario\/wp-content\/uploads\/2016\/12\/desayunoeconomico2-600x399.jpg\" width=\"600\" height=\"399\" srcset=\"https:\/\/www.upo.es\/diario\/wp-content\/uploads\/2016\/12\/desayunoeconomico2-600x399.jpg 600w, https:\/\/www.upo.es\/diario\/wp-content\/uploads\/2016\/12\/desayunoeconomico2-320x213.jpg 320w\" sizes=\"auto, (max-width: 600px) 100vw, 600px\" \/><\/a><figcaption id=\"caption-attachment-17025810\" class=\"wp-caption-text\">M\u00e1s de 20 representantes de un total de 15 empresas han participado en el foro<\/figcaption><\/figure>\n<p style=\"text-align: justify;\">La Universidad Pablo de Olavide ha acogido esta ma\u00f1ana el II Desayuno Econ\u00f3mico Empresarial organizado por la Facultad de Ciencias Empresariales para abordar la innovaci\u00f3n empresarial en Andaluc\u00eda, y en el que han participado m\u00e1s de 20 representantes de un total de 15 empresas de diversos sectores econ\u00f3micos.<\/p>\n<figure id=\"attachment_17025809\" aria-describedby=\"caption-attachment-17025809\" style=\"width: 320px\" class=\"wp-caption alignright\"><a href=\"https:\/\/www.upo.es\/diario\/wp-content\/uploads\/2016\/12\/desayunoeconomico1.jpg\"><img loading=\"lazy\" decoding=\"async\" class=\"size-medium wp-image-17025809\" alt=\"De izq. a dcha.: el decano de la Facultad de Ciencias Empresariales de la UPO, Jes\u00fas Cambra, y el director general de la Agencia IDEA, Antonio Gonz\u00e1lez.\" src=\"https:\/\/www.upo.es\/diario\/wp-content\/uploads\/2016\/12\/desayunoeconomico1-320x197.jpg\" width=\"320\" height=\"197\" srcset=\"https:\/\/www.upo.es\/diario\/wp-content\/uploads\/2016\/12\/desayunoeconomico1-320x197.jpg 320w, https:\/\/www.upo.es\/diario\/wp-content\/uploads\/2016\/12\/desayunoeconomico1-600x369.jpg 600w\" sizes=\"auto, (max-width: 320px) 100vw, 320px\" \/><\/a><figcaption id=\"caption-attachment-17025809\" class=\"wp-caption-text\">De izq. a dcha.: el decano de la Facultad de Ciencias Empresariales de la UPO, Jes\u00fas Cambra, y el director general de la Agencia IDEA, Antonio Gonz\u00e1lez.<\/figcaption><\/figure>\n<p style=\"text-align: justify;\">El acto ha estado presidido por el decano de la Facultad de Ciencias Empresariales de la UPO, Jes\u00fas Juan Cambra Fierro, y el director general de la Agencia IDEA, Antonio Gonz\u00e1lez Mar\u00edn.<\/p>\n<p style=\"text-align: justify;\">Estos desayunos pretenden convertirse en un foro de debate peri\u00f3dico que permita crear una interrelaci\u00f3n entre universidad y empresa, acercar nuestra facultad a su entorno, as\u00ed como establecer v\u00ednculos de trabajo para fomentar la innovaci\u00f3n y el progreso.<\/p>\n<p style=\"text-align: justify;\">Este segundo encuentro ha contado con la participaci\u00f3n de representantes de empresas como AON, Acesur, Endesa, Montero Aramburu Abogados, Llopis, CEU San Pablo, C\u00e1mara de Sevilla, Gestionitas, Qosit, Adecco, Grupo Log\u00edstico Pantoja, Vilaser, Camisar\u00eda Gal\u00e1n, Chavsa, Bufete Luj\u00e1n Abogados as\u00ed como profesores de la Universidad Pablo de Olavide y colaboradores de escuelas de negocios.<\/p>\n<p style=\"text-align: justify;\">Este es el segundo de una serie de desayunos econ\u00f3micos que con periodicidad semestral se pretenden organizar en esta facultad, analizando temas relacionados con el \u00e1mbito econ\u00f3mico y empresarial, tales como emprendimiento, innovaci\u00f3n, internacionalizaci\u00f3n de empresas, fiscalidad, direcci\u00f3n financiera y otros m\u00e1s espec\u00edficos de sectores econ\u00f3micos como el agroalimentarios, turismo, entre otros.<\/p>\n<p>&nbsp;<\/p>\n<p><a title=\"II Desayuno Econ\u00f3mico Empresarial UPO\" href=\"https:\/\/www.flickr.com\/photos\/pablodeolavide\/albums\/72157673966839353\" data-flickr-embed=\"true\" data-header=\"true\"><img loading=\"lazy\" decoding=\"async\" alt=\"II Desayuno Econ\u00f3mico Empresarial UPO\" src=\"https:\/\/c7.staticflickr.com\/1\/478\/31492428422_006c9823f4_z.jpg\" width=\"640\" height=\"394\" \/><\/a><script charset=\"utf-8\" type=\"text\/javascript\" src=\"\/\/embedr.flickr.com\/assets\/client-code.js\" async=\"\"><\/script><\/p>\n","protected":false},"excerpt":{"rendered":"<p>La Universidad Pablo de Olavide ha acogido el II Desayuno Econ\u00f3mico Empresarial organizado por la Facultad de Ciencias Empresariales para abordar la innovaci\u00f3n empresarial en Andaluc\u00eda, y en el que han participado m\u00e1s de 20 representantes de un total de 15 empresas de diversos sectores econ\u00f3micos. <\/p>\n","protected":false},"author":4,"featured_media":0,"comment_status":"closed","ping_status":"open","sticky":false,"template":"","format":"standard","meta":{"_monsterinsights_skip_tracking":false,"_monsterinsights_sitenote_active":false,"_monsterinsights_sitenote_note":"","_monsterinsights_sitenote_category":0,"footnotes":""},"categories":[6],"tags":[3772,360,1436,3774],"class_list":["post-17025808","post","type-post","status-publish","format-standard","hentry","category-institucional","tag-desayuno-economico-empresarial","tag-facultad-de-ciencias-empresariales","tag-foro","tag-innovacion-empresarial"],"_links":{"self":[{"href":"https:\/\/www.upo.es\/diario\/wp-json\/wp\/v2\/posts\/17025808","targetHints":{"allow":["GET"]}}],"collection":[{"href":"https:\/\/www.upo.es\/diario\/wp-json\/wp\/v2\/posts"}],"about":[{"href":"https:\/\/www.upo.es\/diario\/wp-json\/wp\/v2\/types\/post"}],"author":[{"embeddable":true,"href":"https:\/\/www.upo.es\/diario\/wp-json\/wp\/v2\/users\/4"}],"replies":[{"embeddable":true,"href":"https:\/\/www.upo.es\/diario\/wp-json\/wp\/v2\/comments?post=17025808"}],"version-history":[{"count":3,"href":"https:\/\/www.upo.es\/diario\/wp-json\/wp\/v2\/posts\/17025808\/revisions"}],"predecessor-version":[{"id":17026671,"href":"https:\/\/www.upo.es\/diario\/wp-json\/wp\/v2\/posts\/17025808\/revisions\/17026671"}],"wp:attachment":[{"href":"https:\/\/www.upo.es\/diario\/wp-json\/wp\/v2\/media?parent=17025808"}],"wp:term":[{"taxonomy":"category","embeddable":true,"href":"https:\/\/www.upo.es\/diario\/wp-json\/wp\/v2\/categories?post=17025808"},{"taxonomy":"post_tag","embeddable":true,"href":"https:\/\/www.upo.es\/diario\/wp-json\/wp\/v2\/tags?post=17025808"}],"curies":[{"name":"wp","href":"https:\/\/api.w.org\/{rel}","templated":true}]}}