{"id":17047105,"date":"2016-12-15T00:21:17","date_gmt":"2016-12-15T00:21:17","guid":{"rendered":"https:\/\/www.upo.es\/diario\/?p=17047105"},"modified":"2016-12-16T08:18:24","modified_gmt":"2016-12-16T08:18:24","slug":"lebrija-acoge-el-i-encuentro-provincial-del-aula-abierta-de-mayores-de-la-universidad-pablo-de-olavide","status":"publish","type":"post","link":"https:\/\/www.upo.es\/diario\/institucional\/2016\/12\/lebrija-acoge-el-i-encuentro-provincial-del-aula-abierta-de-mayores-de-la-universidad-pablo-de-olavide\/","title":{"rendered":"Lebrija acoge el I Encuentro Provincial del Aula Abierta de Mayores de la Universidad Pablo de Olavide"},"content":{"rendered":"<figure id=\"attachment_17047106\" aria-describedby=\"caption-attachment-17047106\" style=\"width: 600px\" class=\"wp-caption aligncenter\"><a href=\"https:\/\/www.upo.es\/diario\/wp-content\/uploads\/2016\/12\/IEncuentroAulaAbiertaMayores2016_6.jpg\"><img loading=\"lazy\" decoding=\"async\" class=\"size-large wp-image-17047106\" alt=\"Foto de grupo de los estudiantes de la sede de Lebrija y de Gines. \" src=\"https:\/\/www.upo.es\/diario\/wp-content\/uploads\/2016\/12\/IEncuentroAulaAbiertaMayores2016_6-600x377.jpg\" width=\"600\" height=\"377\" srcset=\"https:\/\/www.upo.es\/diario\/wp-content\/uploads\/2016\/12\/IEncuentroAulaAbiertaMayores2016_6-600x377.jpg 600w, https:\/\/www.upo.es\/diario\/wp-content\/uploads\/2016\/12\/IEncuentroAulaAbiertaMayores2016_6-320x201.jpg 320w\" sizes=\"auto, (max-width: 600px) 100vw, 600px\" \/><\/a><figcaption id=\"caption-attachment-17047106\" class=\"wp-caption-text\">Foto de grupo de los estudiantes de la sede de Lebrija y de Gines.<\/figcaption><\/figure>\n<p>Hoy jueves 15 de diciembre ha dado comienzo en Lebrija el <b>\u201cI Encuentro Provincial del Aula Abierta de Mayores. La provincia de Sevilla contada por sus mayores\u201d<\/b>, una iniciativa de este programa de la Universidad Pablo de Olavide en la que los estudiantes de las distintas sedes que forman parte del aula realizar\u00e1n una serie de visitas al municipio lebrijano a lo largo del curso 2016-2017. En esta primera ocasi\u00f3n, han participado los estudiantes de la sede de Gines.<\/p>\n<figure id=\"attachment_17047107\" aria-describedby=\"caption-attachment-17047107\" style=\"width: 320px\" class=\"wp-caption alignright\"><a href=\"https:\/\/www.upo.es\/diario\/wp-content\/uploads\/2016\/12\/IEncuentroAulaAbiertaMayores2016_2.jpg\"><img loading=\"lazy\" decoding=\"async\" class=\"size-medium wp-image-17047107\" alt=\"Imagen del acto de inauguraci\u00f3n del encuentro.\" src=\"https:\/\/www.upo.es\/diario\/wp-content\/uploads\/2016\/12\/IEncuentroAulaAbiertaMayores2016_2-320x210.jpg\" width=\"320\" height=\"210\" srcset=\"https:\/\/www.upo.es\/diario\/wp-content\/uploads\/2016\/12\/IEncuentroAulaAbiertaMayores2016_2-320x210.jpg 320w, https:\/\/www.upo.es\/diario\/wp-content\/uploads\/2016\/12\/IEncuentroAulaAbiertaMayores2016_2-600x394.jpg 600w\" sizes=\"auto, (max-width: 320px) 100vw, 320px\" \/><\/a><figcaption id=\"caption-attachment-17047107\" class=\"wp-caption-text\">Imagen del acto de inauguraci\u00f3n del encuentro.<\/figcaption><\/figure>\n<p>El acto de inauguraci\u00f3n ha contado con la presencia de la vicerrectora de Cultura y Compromiso Social de la UPO, Elodia Hern\u00e1ndez Le\u00f3n; el primer teniente de alcalde del Ayuntamiento de Lebrija, David P\u00e9rez Hormigo; el alcalde del Ayuntamiento de Gines, Romualdo Garrido S\u00e1nchez; la directora general de Programaci\u00f3n Cultural y Social de la UPO, Roc\u00edo C\u00e1rdenas Rodr\u00edguez; y la delegada de Educaci\u00f3n y Formaci\u00f3n del Ayuntamiento de Lebrija, M\u00aa Teresa Ganfornina Mu\u00f1oz.<\/p>\n<p>En cada una de las visitas que se desarrollar\u00e1n en este encuentro se realizar\u00e1n varios seminarios en los que los estudiantes de la sede anfitriona, en este caso de Lebrija, son los encargados de mostrar la historia, patrimonio, gastronom\u00eda, etc. de su localidad al resto de municipios. Estas actividades se complementan con un seminario impartido por profesorado universitario, que en esta primera ocasi\u00f3n ha contado con la participaci\u00f3n del profesor Francisco Ollero Lobato, quien ha impartido la conferencia \u201cLas torres. Arquitectura e identidad en los Conjuntos Hist\u00f3ricos de Andaluc\u00eda\u201d.<\/p>\n<p>El Aula Abierta de Mayores de la Universidad Pablo de Olavide es un programa de intervenci\u00f3n socioeducativa para fomentar el acceso a la formaci\u00f3n permanente de los mayores de 50 a\u00f1os, para el que no se necesita titulaci\u00f3n previa. Su objetivo es integrar a las personas mayores en la vida universitaria, ampliando sus conocimientos y promoviendo su participaci\u00f3n en la sociedad a trav\u00e9s de actividades art\u00edsticas y culturales. Las instituciones que colaboran, adem\u00e1s de la propia Universidad Pablo de Olavide y los ayuntamientos cuyos municipios tienen sede del programa, son la Consejer\u00eda de Igualdad y Pol\u00edticas Sociales de la Junta de Andaluc\u00eda, la Diputaci\u00f3n de Sevilla, y Obra Social \u201cLa Caixa\u201d.<\/p>\n<p>Actualmente cuenta con 789 estudiantes y 17 sedes en la provincia de Sevilla: Alcal\u00e1 de Guadaira (104 estudiantes), Aznalc\u00f3llar (31 estudiantes), Bormujos (40 estudiantes), Castilleja de la Cuesta (34 estudiantes), Gerena (17 estudiantes), Gilena (48 estudiantes), Gines (55 estudiantes), Herrera (30 estudiantes), La Puebla de Cazalla (37 estudiantes), Lebrija (120 estudiantes), Mairena del Alcor (20 estudiantes), Pedrera (35 estudiantes), Santiponce (17 estudiantes), Tomares (120 estudiantes), y como novedad, en este curso acad\u00e9mico, en La Puebla del R\u00edo (16 estudiantes), Pilas (30 estudiantes) y Salteras (35 estudiantes).<\/p>\n<p>Los alumnos del Aula Abierta de Mayores de la UPO reciben formaci\u00f3n en materias como Arte y Humanidades; Ciencias Sociales; Ciencias de la Salud y Biosanitarias; Ciencias Experimentales, de la Tierra y del Medio Ambiente; Ciencias Tecnol\u00f3gicas y de la Comunicaci\u00f3n; Ciencias Jur\u00eddicas y Econ\u00f3micas; Ciencias de la Actividad F\u00edsica y del Deporte; M\u00e9todos y Modelos de Investigaci\u00f3n. Durante este curso acad\u00e9mico participar\u00e1n m\u00e1s de 100 profesores de la Universidad Pablo de Olavide y profesorado colaborador de los respectivos municipios, as\u00ed como expertos en las distintas materias.<\/p>\n","protected":false},"excerpt":{"rendered":"<p>Lebrija acoge el \u201cI Encuentro Provincial del Aula Abierta de Mayores. La provincia de Sevilla contada por sus mayores\u201d, una iniciativa de este programa de la Universidad Pablo de Olavide en la que los estudiantes de las distintas sedes que forman parte del aula realizar\u00e1n una serie de visitas al municipio lebrijano a lo largo del curso 2016-2017. En esta primera ocasi\u00f3n, han participado los estudiantes de la sede de Gines.<\/p>\n","protected":false},"author":2,"featured_media":0,"comment_status":"closed","ping_status":"open","sticky":false,"template":"","format":"standard","meta":{"_monsterinsights_skip_tracking":false,"_monsterinsights_sitenote_active":false,"_monsterinsights_sitenote_note":"","_monsterinsights_sitenote_category":0,"footnotes":""},"categories":[6],"tags":[52,996,821,3779,3778,2682,297],"class_list":["post-17047105","post","type-post","status-publish","format-standard","hentry","category-institucional","tag-aula-abierta-de-mayores","tag-aula-de-mayores","tag-encuentro","tag-gines","tag-lebrija","tag-provincia","tag-visita"],"_links":{"self":[{"href":"https:\/\/www.upo.es\/diario\/wp-json\/wp\/v2\/posts\/17047105","targetHints":{"allow":["GET"]}}],"collection":[{"href":"https:\/\/www.upo.es\/diario\/wp-json\/wp\/v2\/posts"}],"about":[{"href":"https:\/\/www.upo.es\/diario\/wp-json\/wp\/v2\/types\/post"}],"author":[{"embeddable":true,"href":"https:\/\/www.upo.es\/diario\/wp-json\/wp\/v2\/users\/2"}],"replies":[{"embeddable":true,"href":"https:\/\/www.upo.es\/diario\/wp-json\/wp\/v2\/comments?post=17047105"}],"version-history":[{"count":4,"href":"https:\/\/www.upo.es\/diario\/wp-json\/wp\/v2\/posts\/17047105\/revisions"}],"predecessor-version":[{"id":17064109,"href":"https:\/\/www.upo.es\/diario\/wp-json\/wp\/v2\/posts\/17047105\/revisions\/17064109"}],"wp:attachment":[{"href":"https:\/\/www.upo.es\/diario\/wp-json\/wp\/v2\/media?parent=17047105"}],"wp:term":[{"taxonomy":"category","embeddable":true,"href":"https:\/\/www.upo.es\/diario\/wp-json\/wp\/v2\/categories?post=17047105"},{"taxonomy":"post_tag","embeddable":true,"href":"https:\/\/www.upo.es\/diario\/wp-json\/wp\/v2\/tags?post=17047105"}],"curies":[{"name":"wp","href":"https:\/\/api.w.org\/{rel}","templated":true}]}}