{"id":17051354,"date":"2016-12-15T17:06:25","date_gmt":"2016-12-15T17:06:25","guid":{"rendered":"https:\/\/www.upo.es\/diario\/?p=17051354"},"modified":"2016-12-19T14:19:45","modified_gmt":"2016-12-19T14:19:45","slug":"un-total-de-50-estudiantes-de-la-upo-participan-desde-esta-tarde-en-la-primera-edicion-de-ideas-factory","status":"publish","type":"post","link":"https:\/\/www.upo.es\/diario\/institucional\/2016\/12\/un-total-de-50-estudiantes-de-la-upo-participan-desde-esta-tarde-en-la-primera-edicion-de-ideas-factory\/","title":{"rendered":"Un total de 50 estudiantes de la UPO participan en la primera edici\u00f3n de Ideas Factory"},"content":{"rendered":"<figure id=\"attachment_17051357\" aria-describedby=\"caption-attachment-17051357\" style=\"width: 600px\" class=\"wp-caption aligncenter\"><a href=\"https:\/\/www.upo.es\/diario\/wp-content\/uploads\/2016\/12\/Ideas-Factory_UPO.jpg\"><img loading=\"lazy\" decoding=\"async\" class=\"size-large wp-image-17051357\" alt=\"Jos\u00e9 Manuel Feria, vicerrector de de Estrategia, Empleabilidad y Emprendimiento de la UPO, da la bienvenida a los participantes en Ideas Factory\" src=\"https:\/\/www.upo.es\/diario\/wp-content\/uploads\/2016\/12\/Ideas-Factory_UPO-600x337.jpg\" width=\"600\" height=\"337\" srcset=\"https:\/\/www.upo.es\/diario\/wp-content\/uploads\/2016\/12\/Ideas-Factory_UPO-600x337.jpg 600w, https:\/\/www.upo.es\/diario\/wp-content\/uploads\/2016\/12\/Ideas-Factory_UPO-320x179.jpg 320w\" sizes=\"auto, (max-width: 600px) 100vw, 600px\" \/><\/a><figcaption id=\"caption-attachment-17051357\" class=\"wp-caption-text\">Jos\u00e9 Manuel Feria, vicerrector de de Estrategia, Empleabilidad y Emprendimiento de la UPO, da la bienvenida a los participantes en Ideas Factory<\/figcaption><\/figure>\n<p>La Universidad Pablo de Olavide, a trav\u00e9s del Vicerrectorado de Estrategia, Empleabilidad y Emprendimiento, ha inaugurado esta tarde la<strong> primera edici\u00f3n de Ideas Factory en Sevilla<\/strong> de la mano de Sombradoble y Gottrainning, el mayor <strong>evento de generaci\u00f3n de ideas de negocio en el entorno universitario que se celebrar\u00e1 hasta el pr\u00f3ximo s\u00e1bado<\/strong>. El encargado de inaugurar el evento, que se est\u00e1 celebrando en el edificio Alexander von Humboldt, ha sido Jos\u00e9 Manuel Feria Dom\u00ednguez, vicerrector de dicha \u00e1rea.<\/p>\n<p>Cambiar el mundo que les rodea, mejorarlo o hacerlo m\u00e1s f\u00e1cil, ya sea utilizando tecnolog\u00eda de \u00faltima generaci\u00f3n o creando un producto innovador son los objetivos principales de este programa. Y es que Ideas Factory es un encuentro innovador, en materia de emprendimiento, en el que 50 estudiantes de la UPO tienen la oportunidad de presentar propuestas diferenciadas y multidisciplinares basadas en la innovaci\u00f3n social, en el <i>smartcity<\/i>, el Internet de las cosas, etc.; todo ello, conducido por mentores profesionales. Los participantes dispondr\u00e1n s\u00f3lo de 48 horas para dise\u00f1ar un proyecto empresarial y convencer a un jurado experto mientras compiten con el resto de ideas.<\/p>\n<p>Un total de <strong>60 ideas han sido elegidas entre las mejores para que sus promotores puedan vivir una experiencia emprendedora l\u00edmite en este encuentro. Las ideas ser\u00e1n desarrolladas por los alumnos, ayudados por un conjunto de profesionales y en un entorno propicio para ello<\/strong>. Una fase totalmente pr\u00e1ctica en la que los participantes defender\u00e1n, dise\u00f1ar\u00e1n, estudiar\u00e1n y validar\u00e1n la factibilidad real de sus proyectos.<\/p>\n<p>Existen cuatro \u00e1reas en las que los participantes han podido enmarcar sus propuestas: <strong>\u2018Soy Tecki\u2019<\/strong> para amantes de la tecnolog\u00eda; <strong>\u2018Impacto social\u2019<\/strong>, para estudiantes con ideas sostenibles y del tercer sector; <strong>\u2018La app de tu vida\u2019<\/strong> para vehicular ideas a trav\u00e9s de nuevas aplicaciones apps y <strong>\u2018Emprendimiento Xtremo\u2019<\/strong> para aquellas ideas m\u00e1s arriesgadas.<\/p>\n<p>Los j\u00f3venes trabajar\u00e1n desde primeras horas de la ma\u00f1ana hasta las 12 de la noche en este espacio de emprendimiento habilitado por la universidad.<\/p>\n<p>Este proyecto, gestionado desde el \u00c1rea de Empleabilidad y Emprendimiento de la Fundaci\u00f3n Universidad Pablo de Olavide, cuenta con la colaboraci\u00f3n de numerosas instituciones como la Fundaci\u00f3n Cajasol; Andaluc\u00eda Emprende, Fundaci\u00f3n P\u00fablica Andaluza; el Consejo Social de la UPO, adem\u00e1s de empresas como Cabify, Minerva, HolaMobi o Emergya, entre otras.<\/p>\n<p>M\u00e1s informaci\u00f3n y programa del evento en: <a href=\"http:\/\/www.ideasfactory.es\/upo\">www.ideasfactory.es\/upo<\/a><\/p>\n","protected":false},"excerpt":{"rendered":"<p>La Universidad Pablo de Olavide, a trav\u00e9s del Vicerrectorado de Estrategia, Empleabilidad y Emprendimiento, ha inaugurado la primera edici\u00f3n de Ideas Factory en Sevilla de la mano de Sombradoble y Gottrainning, el mayor evento de generaci\u00f3n de ideas de negocio en el entorno universitario. Sesenta ideas han sido elegidas entre las mejores para que sus promotores puedan vivir una experiencia emprendedora l\u00edmite en este encuentro, que finalizar\u00e1 el s\u00e1bado.<\/p>\n","protected":false},"author":6,"featured_media":0,"comment_status":"closed","ping_status":"open","sticky":false,"template":"","format":"standard","meta":{"_monsterinsights_skip_tracking":false,"_monsterinsights_sitenote_active":false,"_monsterinsights_sitenote_note":"","_monsterinsights_sitenote_category":0,"footnotes":""},"categories":[6],"tags":[80,689,21,2474,3590,2022,242],"class_list":["post-17051354","post","type-post","status-publish","format-standard","hentry","category-institucional","tag-emprendedores","tag-emprendimiento","tag-estudiantes","tag-fundacion-universidad-pablo-de-olavide","tag-ideas-factory","tag-jose-manuel-feria","tag-upoemprende"],"_links":{"self":[{"href":"https:\/\/www.upo.es\/diario\/wp-json\/wp\/v2\/posts\/17051354","targetHints":{"allow":["GET"]}}],"collection":[{"href":"https:\/\/www.upo.es\/diario\/wp-json\/wp\/v2\/posts"}],"about":[{"href":"https:\/\/www.upo.es\/diario\/wp-json\/wp\/v2\/types\/post"}],"author":[{"embeddable":true,"href":"https:\/\/www.upo.es\/diario\/wp-json\/wp\/v2\/users\/6"}],"replies":[{"embeddable":true,"href":"https:\/\/www.upo.es\/diario\/wp-json\/wp\/v2\/comments?post=17051354"}],"version-history":[{"count":6,"href":"https:\/\/www.upo.es\/diario\/wp-json\/wp\/v2\/posts\/17051354\/revisions"}],"predecessor-version":[{"id":17130577,"href":"https:\/\/www.upo.es\/diario\/wp-json\/wp\/v2\/posts\/17051354\/revisions\/17130577"}],"wp:attachment":[{"href":"https:\/\/www.upo.es\/diario\/wp-json\/wp\/v2\/media?parent=17051354"}],"wp:term":[{"taxonomy":"category","embeddable":true,"href":"https:\/\/www.upo.es\/diario\/wp-json\/wp\/v2\/categories?post=17051354"},{"taxonomy":"post_tag","embeddable":true,"href":"https:\/\/www.upo.es\/diario\/wp-json\/wp\/v2\/tags?post=17051354"}],"curies":[{"name":"wp","href":"https:\/\/api.w.org\/{rel}","templated":true}]}}