{"id":17168911,"date":"2016-12-21T11:00:30","date_gmt":"2016-12-21T11:00:30","guid":{"rendered":"https:\/\/www.upo.es\/diario\/?p=17168911"},"modified":"2016-12-21T11:00:30","modified_gmt":"2016-12-21T11:00:30","slug":"viii-premios-implicacion-social-en-las-universidades-publicas-de-andalucia","status":"publish","type":"post","link":"https:\/\/www.upo.es\/diario\/infoupo\/2016\/12\/viii-premios-implicacion-social-en-las-universidades-publicas-de-andalucia\/","title":{"rendered":"VIII Premios Implicaci\u00f3n Social en las Universidades P\u00fablicas de Andaluc\u00eda"},"content":{"rendered":"<p><strong><a href=\"http:\/\/csintranet.org\/bconsejosanda\/vii-edicion-premio-implicacion-social-en-las-universidades-publicas-de-andalucia\/\"><img loading=\"lazy\" decoding=\"async\" class=\"alignright size-medium wp-image-17168912\" alt=\"Premios Implicaci\u00f3n Social\" src=\"https:\/\/www.upo.es\/diario\/wp-content\/uploads\/2016\/12\/Premios_ImplicacionSocial_CS_UA-250x320.jpg\" width=\"250\" height=\"320\" srcset=\"https:\/\/www.upo.es\/diario\/wp-content\/uploads\/2016\/12\/Premios_ImplicacionSocial_CS_UA-250x320.jpg 250w, https:\/\/www.upo.es\/diario\/wp-content\/uploads\/2016\/12\/Premios_ImplicacionSocial_CS_UA.jpg 311w\" sizes=\"auto, (max-width: 250px) 100vw, 250px\" \/><\/a>El Foro de los Consejos Sociales de las Universidades P\u00fablicas de Andaluc\u00eda<\/strong>\u00a0ha convocado la<strong>\u00a0VIII edici\u00f3n del Premio \u201cImplicaci\u00f3n social en las Universidades P\u00fablicas de Andaluc\u00eda\u201d<\/strong>. El certamen persigue reconocer las \u201cbuenas pr\u00e1cticas\u201d de colaboraci\u00f3n entre las universidades p\u00fablicas de Andaluc\u00eda, las empresas y otros organismos p\u00fablicos y privados de su entorno y, en concreto, distinguir a la entidad, grupo de investigaci\u00f3n, servicio o departamento que mejor haya articulado y consolidado estas pr\u00e1cticas de colaboraci\u00f3n.<\/p>\n<p>Las bases del premio, cuyo plazo de presentaci\u00f3n de candidaturas finaliza el\u00a0<strong>31 de diciembre<\/strong>, recogen que la pr\u00e1ctica o experiencia que se presente deber\u00e1 estar finalizada o materializada, de manera significativa, en el curso acad\u00e9mico 2015-2016 y estar desarrollada en el\u00a0<strong>\u00e1mbito de Andaluc\u00eda<\/strong>.<\/p>\n<p>El jurado del premio se reunir\u00e1 para fallar el nombre de los ganadores de esta VIII edici\u00f3n antes del 31 de enero de 2017.<\/p>\n<p>Asimismo, se establecen dos modalidades: <strong>Premio Implicaci\u00f3n Social dirigido a grupos de investigaci\u00f3n, servicios o departamentos<\/strong> de las Universidades p\u00fablicas andaluzas. Y <strong>Premio Implicaci\u00f3n Social dirigido a empresas y otros organismos p\u00fablicos o privados<\/strong>.<\/p>\n<p>&gt; <a href=\"http:\/\/csintranet.org\/bconsejosanda\/vii-edicion-premio-implicacion-social-en-las-universidades-publicas-de-andalucia\/\"><strong>M\u00e1s informaci\u00f3n y bases del\u00a0III edici\u00f3n del Premio \u201cImplicaci\u00f3n social en las Universidades P\u00fablicas de Andaluc\u00eda\u201d<\/strong><\/a><\/p>\n","protected":false},"excerpt":{"rendered":"<p>El Foro de los Consejos Sociales de las Universidades P\u00fablicas de Andaluc\u00eda ha convocado la VIII edici\u00f3n del Premio \u201cImplicaci\u00f3n social en las Universidades P\u00fablicas de Andaluc\u00eda\u201d que cuenta con dos modalidades: Premio Implicaci\u00f3n Social dirigido a grupos de investigaci\u00f3n, servicios o departamentos de las Universidades p\u00fablicas andaluzas. Y Premio Implicaci\u00f3n Social dirigido a empresas y otros organismos p\u00fablicos o privados.<\/p>\n","protected":false},"author":6,"featured_media":0,"comment_status":"closed","ping_status":"open","sticky":false,"template":"","format":"standard","meta":{"_monsterinsights_skip_tracking":false,"_monsterinsights_sitenote_active":false,"_monsterinsights_sitenote_note":"","_monsterinsights_sitenote_category":0,"footnotes":""},"categories":[5],"tags":[190,2759,112,58,39],"class_list":["post-17168911","post","type-post","status-publish","format-standard","hentry","category-infoupo","tag-andalucia","tag-compromiso-social","tag-consejo-social","tag-premio","tag-universidades"],"_links":{"self":[{"href":"https:\/\/www.upo.es\/diario\/wp-json\/wp\/v2\/posts\/17168911","targetHints":{"allow":["GET"]}}],"collection":[{"href":"https:\/\/www.upo.es\/diario\/wp-json\/wp\/v2\/posts"}],"about":[{"href":"https:\/\/www.upo.es\/diario\/wp-json\/wp\/v2\/types\/post"}],"author":[{"embeddable":true,"href":"https:\/\/www.upo.es\/diario\/wp-json\/wp\/v2\/users\/6"}],"replies":[{"embeddable":true,"href":"https:\/\/www.upo.es\/diario\/wp-json\/wp\/v2\/comments?post=17168911"}],"version-history":[{"count":1,"href":"https:\/\/www.upo.es\/diario\/wp-json\/wp\/v2\/posts\/17168911\/revisions"}],"predecessor-version":[{"id":17168913,"href":"https:\/\/www.upo.es\/diario\/wp-json\/wp\/v2\/posts\/17168911\/revisions\/17168913"}],"wp:attachment":[{"href":"https:\/\/www.upo.es\/diario\/wp-json\/wp\/v2\/media?parent=17168911"}],"wp:term":[{"taxonomy":"category","embeddable":true,"href":"https:\/\/www.upo.es\/diario\/wp-json\/wp\/v2\/categories?post=17168911"},{"taxonomy":"post_tag","embeddable":true,"href":"https:\/\/www.upo.es\/diario\/wp-json\/wp\/v2\/tags?post=17168911"}],"curies":[{"name":"wp","href":"https:\/\/api.w.org\/{rel}","templated":true}]}}