{"id":17169772,"date":"2016-12-21T06:36:55","date_gmt":"2016-12-21T06:36:55","guid":{"rendered":"https:\/\/www.upo.es\/diario\/?p=17169772"},"modified":"2016-12-22T14:37:03","modified_gmt":"2016-12-22T14:37:03","slug":"manana-jueves-en-la-upo-presentacion-del-proyecto-para-la-puesta-en-marcha-de-radiolavide","status":"publish","type":"post","link":"https:\/\/www.upo.es\/diario\/institucional\/2016\/12\/manana-jueves-en-la-upo-presentacion-del-proyecto-para-la-puesta-en-marcha-de-radiolavide\/","title":{"rendered":"Ma\u00f1ana jueves en la UPO, presentaci\u00f3n del proyecto  para la puesta en marcha de \u201cRadiOlavide\u201d"},"content":{"rendered":"<p style=\"text-align: justify;\"><span style=\"text-decoration: underline;\"><a href=\"https:\/\/www.upo.es\/diario\/wp-content\/uploads\/2016\/12\/jgjegjeh.png\"><img loading=\"lazy\" decoding=\"async\" class=\"alignright size-medium wp-image-17169775\" alt=\"jgjegjeh\" src=\"https:\/\/www.upo.es\/diario\/wp-content\/uploads\/2016\/12\/jgjegjeh-320x206.png\" width=\"320\" height=\"206\" srcset=\"https:\/\/www.upo.es\/diario\/wp-content\/uploads\/2016\/12\/jgjegjeh-320x206.png 320w, https:\/\/www.upo.es\/diario\/wp-content\/uploads\/2016\/12\/jgjegjeh-600x386.png 600w, https:\/\/www.upo.es\/diario\/wp-content\/uploads\/2016\/12\/jgjegjeh.png 712w\" sizes=\"auto, (max-width: 320px) 100vw, 320px\" \/><\/a>Ma\u00f1ana jueves 22 de diciembre, a las 10 horas en la sala de prensa del Rectorado de la Universidad Pablo de Olaivde<\/span>, el rector Vicente Guzm\u00e1n Fluja presidir\u00e1 el acto de presentaci\u00f3n del proyecto para la puesta en marcha de <b>\u201cRadiOlavide\u201d<\/b>, primera emisora de radio universitaria de la provincia de Sevilla. Al acto tambi\u00e9n asistir\u00e1n la vicerrectora de Cultura y Compromiso Social, Elodia Hern\u00e1ndez Le\u00f3n, y el vicerrector de Estudiantes, Antonio Herrera Gonz\u00e1lez de Molina, impulsores del proyecto.<\/p>\n<p style=\"text-align: justify;\">Durante el acto se realizar\u00e1 la entrega del Premio del Concurso de Creaci\u00f3n de la Imagen de la Radio a la estudiante del m\u00e1ster de \u00abProfesorado de Educaci\u00f3n Secundaria Obligatoria y Bachillerato, Formaci\u00f3n Profesional y Ense\u00f1anza de Idiomas\u00bb de la UPO, Alicia de la Vega Calvo, cuyo proyecto de imagen result\u00f3 ganador.<\/p>\n<p>&nbsp;<\/p>\n","protected":false},"excerpt":{"rendered":"<p>Ma\u00f1ana jueves 22 de diciembre, a las 10 horas en la sala de prensa del Rectorado de la Universidad Pablo de Olaivde, el rector Vicente Guzm\u00e1n Fluja presidir\u00e1 el acto de presentaci\u00f3n del proyecto para la puesta en marcha de \u201cRadiOlavide\u201d, primera emisora de radio universitaria de la provincia de Sevilla.<\/p>\n","protected":false},"author":4,"featured_media":0,"comment_status":"closed","ping_status":"open","sticky":false,"template":"","format":"standard","meta":{"_monsterinsights_skip_tracking":false,"_monsterinsights_sitenote_active":false,"_monsterinsights_sitenote_note":"","_monsterinsights_sitenote_category":0,"footnotes":""},"categories":[6],"tags":[3783,933,3785,3784],"class_list":["post-17169772","post","type-post","status-publish","format-standard","hentry","category-institucional","tag-presntacion","tag-proyecto","tag-radio","tag-radiolavide"],"_links":{"self":[{"href":"https:\/\/www.upo.es\/diario\/wp-json\/wp\/v2\/posts\/17169772","targetHints":{"allow":["GET"]}}],"collection":[{"href":"https:\/\/www.upo.es\/diario\/wp-json\/wp\/v2\/posts"}],"about":[{"href":"https:\/\/www.upo.es\/diario\/wp-json\/wp\/v2\/types\/post"}],"author":[{"embeddable":true,"href":"https:\/\/www.upo.es\/diario\/wp-json\/wp\/v2\/users\/4"}],"replies":[{"embeddable":true,"href":"https:\/\/www.upo.es\/diario\/wp-json\/wp\/v2\/comments?post=17169772"}],"version-history":[{"count":6,"href":"https:\/\/www.upo.es\/diario\/wp-json\/wp\/v2\/posts\/17169772\/revisions"}],"predecessor-version":[{"id":17169779,"href":"https:\/\/www.upo.es\/diario\/wp-json\/wp\/v2\/posts\/17169772\/revisions\/17169779"}],"wp:attachment":[{"href":"https:\/\/www.upo.es\/diario\/wp-json\/wp\/v2\/media?parent=17169772"}],"wp:term":[{"taxonomy":"category","embeddable":true,"href":"https:\/\/www.upo.es\/diario\/wp-json\/wp\/v2\/categories?post=17169772"},{"taxonomy":"post_tag","embeddable":true,"href":"https:\/\/www.upo.es\/diario\/wp-json\/wp\/v2\/tags?post=17169772"}],"curies":[{"name":"wp","href":"https:\/\/api.w.org\/{rel}","templated":true}]}}