{"id":17190264,"date":"2016-12-22T12:15:46","date_gmt":"2016-12-22T12:15:46","guid":{"rendered":"https:\/\/www.upo.es\/diario\/?p=17190264"},"modified":"2017-01-17T13:45:56","modified_gmt":"2017-01-17T13:45:56","slug":"la-universidad-pablo-de-olavide-presenta-radiolavide-la-primera-radio-universitaria-de-sevilla","status":"publish","type":"post","link":"https:\/\/www.upo.es\/diario\/institucional\/2016\/12\/la-universidad-pablo-de-olavide-presenta-radiolavide-la-primera-radio-universitaria-de-sevilla\/","title":{"rendered":"La Universidad Pablo de Olavide presenta \u00abRadiOlavide\u00bb, la primera radio universitaria de Sevilla"},"content":{"rendered":"<figure id=\"attachment_171902\" aria-describedby=\"caption-attachment-171902\" style=\"width: 600px\" class=\"wp-caption aligncenter\"><a href=\"https:\/\/www.upo.es\/diario\/wp-content\/uploads\/2016\/12\/RadiOlavide_04.jpg\"><img loading=\"lazy\" decoding=\"async\" class=\"size-large wp-image-17190266\" alt=\"RadiOlavide_04\" src=\"https:\/\/www.upo.es\/diario\/wp-content\/uploads\/2016\/12\/RadiOlavide_04-600x399.jpg\" width=\"600\" height=\"399\" srcset=\"https:\/\/www.upo.es\/diario\/wp-content\/uploads\/2016\/12\/RadiOlavide_04-600x399.jpg 600w, https:\/\/www.upo.es\/diario\/wp-content\/uploads\/2016\/12\/RadiOlavide_04-320x213.jpg 320w\" sizes=\"auto, (max-width: 600px) 100vw, 600px\" \/><\/a><figcaption id=\"caption-attachment-171902\" class=\"wp-caption-text\">Desde la izquierda, Elodia Hern\u00e1ndez, vicerrectora de Cultura y Compromiso Social; el finalista del concurso, Jorge Manzano; el rector Vicente Guzm\u00e1n; la ganadora del concurso Alicia de la Vega, y Antonio Herrera, vicerrector de Estudiantes<\/figcaption><\/figure>\n<p style=\"text-align: left;\">Esta ma\u00f1ana se ha presentado en la sala de prensa de la Universidad Pablo de Olavide el proyecto para la puesta en marcha de \u201cRadiOlavide\u201d, primera emisora de radio universitaria de la provincia de Sevilla. El acto ha estado presidido por el\u00a0 rector de la UPO, Vicente Guzm\u00e1n Fluja, junto con la vicerrectora de Cultura y Compromiso Social, Elodia Hern\u00e1ndez Le\u00f3n, y el vicerrector de Estudiantes, Antonio Herrera Gonz\u00e1lez de Molina, impulsores del proyecto.<\/p>\n<p style=\"text-align: justify;\">Este proyecto pretende poner en marcha un modelo de radio universitaria participativa, gestionada por todos los miembros de la comunidad universitaria, en el cual, el mismo medio se convierta en el objetivo de las pol\u00edticas y estrategias de divulgaci\u00f3n del conocimiento cient\u00edfico, la Cultura y las Artes, y comprometida con la sociedad.<\/p>\n<p style=\"text-align: justify;\">Se trata de una herramienta puesta al servicio de toda la comunidad universitaria con el fin de contribuir a la difusi\u00f3n de los valores democr\u00e1ticos y sobre todo, a la libertad de expresi\u00f3n y el derecho a la informaci\u00f3n, utilizando la misma no s\u00f3lo como medio de comunicaci\u00f3n, sino tambi\u00e9n como medio dinamizador y como espacio para la formaci\u00f3n de los estudiantes.<\/p>\n<p style=\"text-align: justify;\"><img loading=\"lazy\" decoding=\"async\" class=\"alignright size-medium wp-image-17169775\" alt=\"jgjegjeh\" src=\"https:\/\/www.upo.es\/diario\/wp-content\/uploads\/2016\/12\/jgjegjeh-320x206.png\" width=\"320\" height=\"206\" srcset=\"https:\/\/www.upo.es\/diario\/wp-content\/uploads\/2016\/12\/jgjegjeh-320x206.png 320w, https:\/\/www.upo.es\/diario\/wp-content\/uploads\/2016\/12\/jgjegjeh-600x386.png 600w, https:\/\/www.upo.es\/diario\/wp-content\/uploads\/2016\/12\/jgjegjeh.png 712w\" sizes=\"auto, (max-width: 320px) 100vw, 320px\" \/>Para la puesta en marcha de \u201cRadiOlavide\u201d,<strong> se abre del 26 de enero hasta el 26 de febrero un proceso para presentar proyectos de programas de radio para el a\u00f1o 2017<\/strong>. Podr\u00e1n presentar proyectos tanto personas f\u00edsicas como jur\u00eddicas, teniendo prioridad aquellos proyectos que tenga vinculaci\u00f3n directa con los miembros de la comunidad universitaria. Las propuestas deber\u00e1n abordar tem\u00e1ticas sociales, pol\u00edticas y medioambientales, que contribuyan a la difusi\u00f3n de los valores democr\u00e1ticos, la promoci\u00f3n de los Derechos Humanos, la divulgaci\u00f3n cient\u00edfica y acad\u00e9mica y el arte y la cultura.<\/p>\n<p style=\"text-align: justify;\">El rector as\u00ed como los vicerrectores han resaltado el car\u00e1cter participativo de \u201cRadiOlavide\u201d, una radio que permita reflejar el sentir de la comunidad universitaria y que sea \u201cun instrumento de compromiso social y de apertura a la sociedad\u201d.<\/p>\n<p style=\"text-align: justify;\">Asimismo, durante el acto el rector Vicente Guzm\u00e1n ha entregado los premios del \u00a0Concurso de Creaci\u00f3n de la Imagen de la Radio al primer finalista, el estudiante Jorge Manzano, y a la ganadora y creadora de la imagen de la radio, Alicia de la Vega Calvo, estudiante del m\u00e1ster de \u00abProfesorado de Educaci\u00f3n Secundaria Obligatoria y Bachillerato, Formaci\u00f3n Profesional y Ense\u00f1anza de Idiomas\u00bb de la UPO. A continuaci\u00f3n, Noelia Camer\u00f3n Nu\u00f1ez, becaria de formaci\u00f3n de \u201cRadiOlavide\u201d, ha presentado la web <a href=\"http:\/\/www.radioalvide.org\/\">www.radioalvide.org<\/a>, as\u00ed como su presencia en las redes sociales de Facebook y Twitter.<\/p>\n","protected":false},"excerpt":{"rendered":"<p>Para la puesta en marcha de \u201cRadiOlavide\u201d, se abre del 26 de enero hasta el 26 de febrero un proceso para presentar proyectos de programas de radio para el a\u00f1o 2017.<\/p>\n","protected":false},"author":4,"featured_media":0,"comment_status":"closed","ping_status":"open","sticky":false,"template":"","format":"standard","meta":{"_monsterinsights_skip_tracking":false,"_monsterinsights_sitenote_active":false,"_monsterinsights_sitenote_note":"","_monsterinsights_sitenote_category":0,"footnotes":""},"categories":[6],"tags":[3807,1030,3804,3785,3784,3805],"class_list":["post-17190264","post","type-post","status-publish","format-standard","hentry","category-institucional","tag-concurso-de-creacion-de-la-imagen-de-la-radio","tag-premios","tag-presentacion-radio","tag-radio","tag-radiolavide","tag-vicerrectorado-de-cultura"],"_links":{"self":[{"href":"https:\/\/www.upo.es\/diario\/wp-json\/wp\/v2\/posts\/17190264","targetHints":{"allow":["GET"]}}],"collection":[{"href":"https:\/\/www.upo.es\/diario\/wp-json\/wp\/v2\/posts"}],"about":[{"href":"https:\/\/www.upo.es\/diario\/wp-json\/wp\/v2\/types\/post"}],"author":[{"embeddable":true,"href":"https:\/\/www.upo.es\/diario\/wp-json\/wp\/v2\/users\/4"}],"replies":[{"embeddable":true,"href":"https:\/\/www.upo.es\/diario\/wp-json\/wp\/v2\/comments?post=17190264"}],"version-history":[{"count":12,"href":"https:\/\/www.upo.es\/diario\/wp-json\/wp\/v2\/posts\/17190264\/revisions"}],"predecessor-version":[{"id":17729645,"href":"https:\/\/www.upo.es\/diario\/wp-json\/wp\/v2\/posts\/17190264\/revisions\/17729645"}],"wp:attachment":[{"href":"https:\/\/www.upo.es\/diario\/wp-json\/wp\/v2\/media?parent=17190264"}],"wp:term":[{"taxonomy":"category","embeddable":true,"href":"https:\/\/www.upo.es\/diario\/wp-json\/wp\/v2\/categories?post=17190264"},{"taxonomy":"post_tag","embeddable":true,"href":"https:\/\/www.upo.es\/diario\/wp-json\/wp\/v2\/tags?post=17190264"}],"curies":[{"name":"wp","href":"https:\/\/api.w.org\/{rel}","templated":true}]}}