{"id":17210725,"date":"2016-12-23T12:21:49","date_gmt":"2016-12-23T12:21:49","guid":{"rendered":"https:\/\/www.upo.es\/diario\/?p=17210725"},"modified":"2017-01-17T08:29:43","modified_gmt":"2017-01-17T08:29:43","slug":"investigadores-descubren-una-nueva-especie-de-planta-en-la-peninsula-iberica","status":"publish","type":"post","link":"https:\/\/www.upo.es\/diario\/ciencia\/2016\/12\/investigadores-descubren-una-nueva-especie-de-planta-en-la-peninsula-iberica\/","title":{"rendered":"Investigadores descubren una nueva especie  de planta en la pen\u00ednsula Ib\u00e9rica"},"content":{"rendered":"<figure id=\"attachment_17210729\" aria-describedby=\"caption-attachment-17210729\" style=\"width: 212px\" class=\"wp-caption alignright\"><a href=\"https:\/\/www.upo.es\/diario\/wp-content\/uploads\/2016\/12\/Carex-furva-Avila-Sierra-de-Bejar.jpg\"><img loading=\"lazy\" decoding=\"async\" class=\"size-medium wp-image-17210729\" alt=\"Ejemplar de la Carex lucennoiberica \" src=\"https:\/\/www.upo.es\/diario\/wp-content\/uploads\/2016\/12\/Carex-furva-Avila-Sierra-de-Bejar-212x320.jpg\" width=\"212\" height=\"320\" srcset=\"https:\/\/www.upo.es\/diario\/wp-content\/uploads\/2016\/12\/Carex-furva-Avila-Sierra-de-Bejar-212x320.jpg 212w, https:\/\/www.upo.es\/diario\/wp-content\/uploads\/2016\/12\/Carex-furva-Avila-Sierra-de-Bejar-398x600.jpg 398w, https:\/\/www.upo.es\/diario\/wp-content\/uploads\/2016\/12\/Carex-furva-Avila-Sierra-de-Bejar-600x902.jpg 600w, https:\/\/www.upo.es\/diario\/wp-content\/uploads\/2016\/12\/Carex-furva-Avila-Sierra-de-Bejar.jpg 2000w\" sizes=\"auto, (max-width: 212px) 100vw, 212px\" \/><\/a><figcaption id=\"caption-attachment-17210729\" class=\"wp-caption-text\">La Carex lucennoiberica recibe su nombre en honor al catedr\u00e1tico de Bot\u00e1nica de la Universidad Pablo de Olavide Modesto Luce\u00f1o<\/figcaption><\/figure>\n<p>El estudiante de Doctorado del \u00c1rea de Bot\u00e1nica de la Universidad Pablo de Olavide <strong>Enrique Maguilla<\/strong> y el profesor del Departamento de Biolog\u00eda Vegetal y Ecolog\u00eda de la Universidad de Sevilla <strong>Marcial Escudero<\/strong>, han publicado recientemente un art\u00edculo en la prestigiosa revista PLOS ONE en el que describen una <b>nueva especie de planta en la Pen\u00ednsula Ib\u00e9rica, la <i>Carex lucennoiberica<\/i><\/b><i>, <\/i>que recibe su nombre en honor al catedr\u00e1tico de Bot\u00e1nica de la Universidad Pablo de Olavide Modesto Luce\u00f1o.<\/p>\n<p>La planta descubierta pertenece a la familia de las Ciper\u00e1ceas, que incluye especies de conocido uso como el papiro o la chufa. Esta especie solo se encuentra distribuida en las cumbres m\u00e1s altas de la Pen\u00ednsula Ib\u00e9rica, estando amenazada principalmente por el cambio clim\u00e1tico. De hecho, como indican los investigadores, dicha especie podr\u00eda haberse extinguido en Portugal. \u201cEn nuestro primer viaje de recolecci\u00f3n en Portugal cogimos semillas del \u00fanico individuo que encontramos y que no volvimos a ver en los \u00faltimos viajes que realizamos al pa\u00eds luso\u201d. Hoy en d\u00eda, los investigadores disponen de hasta 30 individuos de esta poblaci\u00f3n que seg\u00fan indican, podr\u00edan usarse para repoblar la misma.<\/p>\n<p>Por otro lado, el descubrimiento conlleva que otra especie diferente, <i>Carex furva<\/i>, la cual se confund\u00eda con la especie descubierta, quede restringida \u00fanicamente a las cumbres de Sierra Nevada, en Granada. Esto hace que esta especie pase a estar considerada en peligro cr\u00edtico de extinci\u00f3n<\/p>\n<p><strong>Maguilla E, Escudero M (2016) <em>Cryptic Species Due to Hybridization: A Combined Approach to Describe a New Species (Carex: Cyperaceae)<\/em>. <\/strong>PLoS ONE 11(12): e0166949. doi:10.1371\/journal.pone.0166949<strong><br \/>\n<\/strong><a href=\"http:\/\/journals.plos.org\/plosone\/article?id=10.1371\/journal.pone.0166949\">http:\/\/journals.plos.org\/plosone\/article?id=10.1371\/journal.pone.0166949<\/a><\/p>\n","protected":false},"excerpt":{"rendered":"<p>El estudiante de Doctorado del \u00c1rea de Bot\u00e1nica de la Universidad Pablo de Olavide Enrique Maguilla y el profesor del Departamento de Biolog\u00eda Vegetal y Ecolog\u00eda de la Universidad de Sevilla Marcial Escudero, han publicado recientemente un art\u00edculo en la prestigiosa revista PLOS ONE en el que describen una nueva especie de planta en la Pen\u00ednsula Ib\u00e9rica, la Carex lucennoiberica, que recibe su nombre en honor al catedr\u00e1tico de Bot\u00e1nica de la Universidad Pablo de Olavide Modesto Luce\u00f1o. <\/p>\n","protected":false},"author":6,"featured_media":0,"comment_status":"closed","ping_status":"open","sticky":false,"template":"","format":"standard","meta":{"_acf_changed":false,"_monsterinsights_skip_tracking":false,"footnotes":""},"categories":[3],"tags":[],"class_list":["post-17210725","post","type-post","status-publish","format-standard","hentry","category-ciencia"],"acf":[],"_links":{"self":[{"href":"https:\/\/www.upo.es\/diario\/wp-json\/wp\/v2\/posts\/17210725","targetHints":{"allow":["GET"]}}],"collection":[{"href":"https:\/\/www.upo.es\/diario\/wp-json\/wp\/v2\/posts"}],"about":[{"href":"https:\/\/www.upo.es\/diario\/wp-json\/wp\/v2\/types\/post"}],"author":[{"embeddable":true,"href":"https:\/\/www.upo.es\/diario\/wp-json\/wp\/v2\/users\/6"}],"replies":[{"embeddable":true,"href":"https:\/\/www.upo.es\/diario\/wp-json\/wp\/v2\/comments?post=17210725"}],"version-history":[{"count":8,"href":"https:\/\/www.upo.es\/diario\/wp-json\/wp\/v2\/posts\/17210725\/revisions"}],"predecessor-version":[{"id":17724399,"href":"https:\/\/www.upo.es\/diario\/wp-json\/wp\/v2\/posts\/17210725\/revisions\/17724399"}],"wp:attachment":[{"href":"https:\/\/www.upo.es\/diario\/wp-json\/wp\/v2\/media?parent=17210725"}],"wp:term":[{"taxonomy":"category","embeddable":true,"href":"https:\/\/www.upo.es\/diario\/wp-json\/wp\/v2\/categories?post=17210725"},{"taxonomy":"post_tag","embeddable":true,"href":"https:\/\/www.upo.es\/diario\/wp-json\/wp\/v2\/tags?post=17210725"}],"curies":[{"name":"wp","href":"https:\/\/api.w.org\/{rel}","templated":true}]}}