{"id":1734552,"date":"2013-10-07T12:34:05","date_gmt":"2013-10-07T12:34:05","guid":{"rendered":"https:\/\/www.upo.es\/diario\/?p=1734552"},"modified":"2013-10-07T12:34:05","modified_gmt":"2013-10-07T12:34:05","slug":"sobresaliente-cum-laude-para-la-tesis-sin-memoria-de-esclavitud-procesos-de-empoderamiento-de-afrodescendientes-en-la-audiencia-de-los-confines-1525-1643","status":"publish","type":"post","link":"https:\/\/www.upo.es\/diario\/tesis\/2013\/10\/sobresaliente-cum-laude-para-la-tesis-sin-memoria-de-esclavitud-procesos-de-empoderamiento-de-afrodescendientes-en-la-audiencia-de-los-confines-1525-1643\/","title":{"rendered":"Sobresaliente Cum Laude para la tesis \u201cSin memoria de esclavitud: procesos de empoderamiento de afrodescendientes en la Audiencia de los Confines, 1525-1643\u201d"},"content":{"rendered":"<p>El s\u00e1bado pasado tuvo lugar en la Sala de Grados del edificio 6 la defensa p\u00fablica de la tesis doctoral titulada \u00abSin memoria de esclavitud: procesos de empoderamiento de afrodescendientes en la Audiencia de los Confines, 1525-1643\u201d, de la que es autor Rafael \u00c1ngel Obando Andrade. Esta tesis doctoral, dirigida por los profesores Javier Lavi\u00f1a G\u00f3mez, de la Universidad de Barcelona y Juan Marchena Fern\u00e1ndez, de la Universidad Pablo de Olavide, ha obtenido la calificaci\u00f3n de Sobresaliente Cum Laude y la menci\u00f3n de Doctor Internacional.<\/p>\n","protected":false},"excerpt":{"rendered":"<p>El s\u00e1bado pasado tuvo lugar en la Sala de Grados del edificio 6 la defensa p\u00fablica de la tesis doctoral titulada \u00abSin memoria de esclavitud: procesos de empoderamiento de afrodescendientes en la Audiencia de los Confines, 1525-1643\u201d, de la que es autor Rafael \u00c1ngel Obando Andrade. Esta tesis doctoral, dirigida por los profesores Javier Lavi\u00f1a G\u00f3mez, de la Universidad de Barcelona y Juan Marchena Fern\u00e1ndez, de la Universidad Pablo de Olavide, ha obtenido la calificaci\u00f3n de Sobresaliente Cum Laude y la menci\u00f3n de Doctor Internacional. <\/p>\n","protected":false},"author":5,"featured_media":0,"comment_status":"closed","ping_status":"open","sticky":false,"template":"","format":"standard","meta":{"_monsterinsights_skip_tracking":false,"_monsterinsights_sitenote_active":false,"_monsterinsights_sitenote_note":"","_monsterinsights_sitenote_category":0,"footnotes":""},"categories":[119],"tags":[911,912,910],"class_list":["post-1734552","post","type-post","status-publish","format-standard","hentry","category-tesis","tag-africa","tag-audiencia-de-los-confines","tag-esclavitud"],"_links":{"self":[{"href":"https:\/\/www.upo.es\/diario\/wp-json\/wp\/v2\/posts\/1734552","targetHints":{"allow":["GET"]}}],"collection":[{"href":"https:\/\/www.upo.es\/diario\/wp-json\/wp\/v2\/posts"}],"about":[{"href":"https:\/\/www.upo.es\/diario\/wp-json\/wp\/v2\/types\/post"}],"author":[{"embeddable":true,"href":"https:\/\/www.upo.es\/diario\/wp-json\/wp\/v2\/users\/5"}],"replies":[{"embeddable":true,"href":"https:\/\/www.upo.es\/diario\/wp-json\/wp\/v2\/comments?post=1734552"}],"version-history":[{"count":1,"href":"https:\/\/www.upo.es\/diario\/wp-json\/wp\/v2\/posts\/1734552\/revisions"}],"predecessor-version":[{"id":1734553,"href":"https:\/\/www.upo.es\/diario\/wp-json\/wp\/v2\/posts\/1734552\/revisions\/1734553"}],"wp:attachment":[{"href":"https:\/\/www.upo.es\/diario\/wp-json\/wp\/v2\/media?parent=1734552"}],"wp:term":[{"taxonomy":"category","embeddable":true,"href":"https:\/\/www.upo.es\/diario\/wp-json\/wp\/v2\/categories?post=1734552"},{"taxonomy":"post_tag","embeddable":true,"href":"https:\/\/www.upo.es\/diario\/wp-json\/wp\/v2\/tags?post=1734552"}],"curies":[{"name":"wp","href":"https:\/\/api.w.org\/{rel}","templated":true}]}}